{"id":105628,"date":"2023-07-31T12:34:12","date_gmt":"2023-07-31T15:34:12","guid":{"rendered":"https:\/\/www.actualidadadiario.com\/?p=105628"},"modified":"2023-07-31T12:34:12","modified_gmt":"2023-07-31T15:34:12","slug":"alberto-fernandez-viaja-a-chaco-para-abrir-el-congreso-internacional-sobre-discapacidad","status":"publish","type":"post","link":"https:\/\/www.actualidadadiario.com\/index.php\/2023\/07\/31\/alberto-fernandez-viaja-a-chaco-para-abrir-el-congreso-internacional-sobre-discapacidad\/","title":{"rendered":"Alberto Fern\u00e1ndez viaja a Chaco para abrir el Congreso Internacional sobre discapacidad"},"content":{"rendered":"<p style=\"text-align: center;\"><em><strong>El presidente visitar\u00e1 este lunes el Centro de Convenciones Gala, en Resistencia, donde se realizar\u00e1 la apertura del encuentro. Habr\u00e1 disertantes de 15 pa\u00edses<\/strong><\/em><\/p>\n<p>&nbsp;<\/p>\n<p>&nbsp;<\/p>\n<p>El presidente Alberto Fern\u00e1ndez visitar\u00e1 este lunes la provincia de Chaco para participar de la apertura del VII Congreso Internacional sobre discapacidad que se desarrollar\u00e1 en la ciudad de Resistencia, que contar\u00e1 con disertantes de 15 pa\u00edses y tendr\u00e1 el lema &#8220;Queremos hablar de Capacidad&#8221;, seg\u00fan informaron oficialmente.<\/p>\n<p>El encuentro se desarrollar\u00e1 en el Centro de Convenciones Gala, ubicado en la capital chaque\u00f1a, y la presencia del Presidente se espera cerca del mediod\u00eda, que ser\u00e1 la cuarta vez en el a\u00f1o que el mandatario visita la provincia, y la d\u00e9cima desde el inicio de su gesti\u00f3n.<\/p>\n<p>Durante su \u00faltimo paso por Chaco, el 21 de marzo, el Presidente inaugur\u00f3 la avenida de la Democracia y traves\u00eda urbana de la Ruta 11, junto al nuevo edificio de la Facultad de Artes, Dise\u00f1o y Ciencias de la Cultura.<\/p>\n<p>El congreso, que tiene relevancia internacional, tendr\u00e1 lugar el 31 de julio, 1 y 2 de agosto en el Centro de Convenciones Gala, y el 3 y 4 de agosto en San Mart\u00edn y Charata, bajo el lema &#8220;Queremos hablar de Capacidad&#8221;.<\/p>\n<p>A la par, se llevar\u00e1 adelante el Foro Global para la Inclusi\u00f3n y la Discapacidad, y la Entrega de los Premios de la Ciencia Eureka 2023, seg\u00fan informaron desde la organizaci\u00f3n del evento.<\/p>\n<p>&nbsp;<\/p>\n<p><strong>Disertantes nacionales e internacionales<\/strong><\/p>\n<p>El congreso fue organizado por el Gobierno de Chaco a trav\u00e9s del Instituto Provincial de Inclusi\u00f3n para las Personas con Discapacidad (IPRODICH), junto al Comit\u00e9 Mundial de Acad\u00e9micos Universitarios (COMAU), INFANCIAR, el Consejo Federal de Inversiones (CFI), los municipios de Charata y San Mart\u00edn, el Ministerio de Educaci\u00f3n, Ciencia y Tecnolog\u00eda, Crecer con Todos, IAD, Fundaci\u00f3n de Equinoterapia &#8220;San Jorge&#8221;, Casagrande, Despertares y el peri\u00f3dico &#8220;El Cisne&#8221;.<\/p>\n<p>El encuentro est\u00e1 destinado a profesionales, docentes y estudiantes relacionados con la discapacidad. Contar\u00e1 con reconocidas y reconocidos disertantes de Bolivia, Brasil, Chile, Colombia, Cuba, Ecuador, Espa\u00f1a, Estados Unidos, Francia, M\u00e9xico, Panam\u00e1, Paraguay, Per\u00fa, Uruguay y Argentina.<\/p>\n<p>Disertar\u00e1n Orlando Terre Camacho de Cuba, Jorge Alc\u00e1ntara Aguileta de M\u00e9xico, Marleyn Serrano Ram\u00edrez de Colombia y Mercedes Luz Arqu\u00e9 de Espa\u00f1a. Adem\u00e1s, de la ecuatoriana Luz Elena Cunha, la peruana Laura Berr\u00edos Villafuerte, el espa\u00f1ol Miguel G\u00f3mez Gentil.<\/p>\n<p>Las disertaciones nacionales estar\u00e1n a cargo de Natividad del \u00c1guila, Julio C\u00e9sar Firmani, Anal\u00eda Nilda Lacquaniti y representantes de la Fundaci\u00f3n Itineris, y har\u00e1n tambi\u00e9n ponencias virtuales desde Estados Unidos, Francia y otras naciones.<\/p>\n<p>Los participantes se encontrar\u00e1n con conferencias tem\u00e1ticas, coloquios, cursos, talleres especializados, entre otras actividades relacionadas con la inclusi\u00f3n y la discapacidad.<\/p>\n<p>Adem\u00e1s se entregar\u00e1n los Premios Mundiales de la Ciencia EUREKA 2023, la 10\u00b0entrega de car\u00e1cter internacional en la que se premiar\u00e1n las mejores pr\u00e1cticas cient\u00edficas y productos acad\u00e9micos de significativa actuaci\u00f3n socioeducativa a nivel mundial.<\/p>\n","protected":false},"excerpt":{"rendered":"<p>El presidente visitar\u00e1 este lunes el Centro de Convenciones Gala, en Resistencia, donde se realizar\u00e1 la apertura del encuentro. Habr\u00e1 disertantes de 15 pa\u00edses &nbsp; &nbsp; El presidente Alberto Fern\u00e1ndez visitar\u00e1 este lunes la provincia de Chaco para participar de la apertura del VII Congreso Internacional sobre discapacidad que se desarrollar\u00e1 en la ciudad de Resistencia, que contar\u00e1 con disertantes de 15 pa\u00edses y tendr\u00e1 el lema &#8220;Queremos hablar de Capacidad&#8221;, seg\u00fan informaron oficialmente. El encuentro se desarrollar\u00e1 en el Centro de Convenciones Gala, ubicado en la capital chaque\u00f1a, y&#8230;<\/p>\n","protected":false},"author":3,"featured_media":105629,"comment_status":"closed","ping_status":"closed","sticky":false,"template":"","format":"standard","meta":[],"categories":[18],"tags":[],"_links":{"self":[{"href":"https:\/\/www.actualidadadiario.com\/index.php\/wp-json\/wp\/v2\/posts\/105628"}],"collection":[{"href":"https:\/\/www.actualidadadiario.com\/index.php\/wp-json\/wp\/v2\/posts"}],"about":[{"href":"https:\/\/www.actualidadadiario.com\/index.php\/wp-json\/wp\/v2\/types\/post"}],"author":[{"embeddable":true,"href":"https:\/\/www.actualidadadiario.com\/index.php\/wp-json\/wp\/v2\/users\/3"}],"replies":[{"embeddable":true,"href":"https:\/\/www.actualidadadiario.com\/index.php\/wp-json\/wp\/v2\/comments?post=105628"}],"version-history":[{"count":1,"href":"https:\/\/www.actualidadadiario.com\/index.php\/wp-json\/wp\/v2\/posts\/105628\/revisions"}],"predecessor-version":[{"id":105630,"href":"https:\/\/www.actualidadadiario.com\/index.php\/wp-json\/wp\/v2\/posts\/105628\/revisions\/105630"}],"wp:featuredmedia":[{"embeddable":true,"href":"https:\/\/www.actualidadadiario.com\/index.php\/wp-json\/wp\/v2\/media\/105629"}],"wp:attachment":[{"href":"https:\/\/www.actualidadadiario.com\/index.php\/wp-json\/wp\/v2\/media?parent=105628"}],"wp:term":[{"taxonomy":"category","embeddable":true,"href":"https:\/\/www.actualidadadiario.com\/index.php\/wp-json\/wp\/v2\/categories?post=105628"},{"taxonomy":"post_tag","embeddable":true,"href":"https:\/\/www.actualidadadiario.com\/index.php\/wp-json\/wp\/v2\/tags?post=105628"}],"curies":[{"name":"wp","href":"https:\/\/api.w.org\/{rel}","templated":true}]}}