{"id":105624,"date":"2023-07-31T12:33:11","date_gmt":"2023-07-31T15:33:11","guid":{"rendered":"https:\/\/www.actualidadadiario.com\/?p=105624"},"modified":"2023-07-31T12:33:11","modified_gmt":"2023-07-31T15:33:11","slug":"sergio-massa-sobre-el-acuerdo-con-el-fmi-argentina-no-va-a-usar-un-solo-dolar-de-sus-reservas","status":"publish","type":"post","link":"https:\/\/www.actualidadadiario.com\/index.php\/2023\/07\/31\/sergio-massa-sobre-el-acuerdo-con-el-fmi-argentina-no-va-a-usar-un-solo-dolar-de-sus-reservas\/","title":{"rendered":"Sergio Massa, sobre el acuerdo con el FMI: &#8220;Argentina no va a usar un solo d\u00f3lar de sus reservas&#8221;"},"content":{"rendered":"<p style=\"text-align: center;\"><em><strong>El ministro de Econom\u00eda habl\u00f3 tras el acuerdo alcanzado el viernes pasado con el Fondo Monetario Internacional (FMI). Confirm\u00f3 que no usar\u00e1n d\u00f3lares de reservas<\/strong><\/em><\/p>\n<p>&nbsp;<\/p>\n<p>&nbsp;<\/p>\n<p>&nbsp;<\/p>\n<p>El ministro de Econom\u00eda y precandidato presidencial por Uni\u00f3n por la Patria (UxP), Sergio Massa, asegur\u00f3 esta ma\u00f1ana que la Argentina &#8220;no va a usar un solo d\u00f3lar de sus reservas&#8221; para el pago de vencimientos por US$ 2.700 millones de d\u00f3lares previstos con el Fondo Monetario Internacional (FMI).<\/p>\n<p>El anuncio se hizo luego de que el viernes se cerrara la revisi\u00f3n de metas con el organismo internacional, que prev\u00e9 una serie de pol\u00edticas econ\u00f3micas para desembolsar los USD 7.500 millones, siempre y cuando se cumplan las metas establecidas.<\/p>\n<p>En un mensaje emitido desde el Palacio de Hacienda, Massa confirm\u00f3 que se utilizar\u00e1n US$ 1.000 millones aportados por el Banco Latinoamericano de Desarrollo (CAF) y los US$ 1.700 millones adicionales se abonar\u00e1n en yuanes, luego de que el Banco del Pueblo de China aprobara ampliar el uso del segundo tramo del swap acordado con la Argentina.<\/p>\n<p>El Ministro sostuvo que, de esta manera, se proteger\u00e1n las reservas &#8220;en un a\u00f1o en el que al problema que representa la herencia de la deuda con el fondo, se agreg\u00f3 la peor sequ\u00eda de la historia que nos cost\u00f3 m\u00e1s de 20.000 millones de d\u00f3lares de nuestras exportaciones para este a\u00f1o y m\u00e1s de 5.000 millones de ingresos del sector p\u00fablico nacional como consecuencia de los impuestos que generan esas exportaciones&#8221;.<\/p>\n<p>Por otra parte, apunt\u00f3 contra la gesti\u00f3n del expresidente Mauricio Macri, al sostener que &#8220;el acuerdo con el FMI es, probablemente, la peor herencia del gobierno anterior&#8221; y dijo que esa &#8220;herencia&#8221; no se ve reflejada en &#8220;rutas, escuelas, hospitales ni en mejoras para las empresas y familias argentinas&#8221;, ya que el pr\u00e9stamo &#8220;solo sirvi\u00f3 para financiar la salida de capitales&#8221; a partir de 2018.<\/p>\n<p>&nbsp;<\/p>\n<p><strong>\u00bfC\u00f3mo se pagar\u00e1n los vencimientos al FMI?<\/strong><\/p>\n<p>Argentina pagar\u00e1 los vencimientos al FMI con un pr\u00e9stamo del Banco de Desarrollo Latinoamericano (CAF) y por una ampliaci\u00f3n del segundo tramo del swap con China.<\/p>\n<p>Massa detall\u00f3 que &#8220;a partir de un acuerdo con el Banco de Desarrollo Latinoamericano, m\u00e1s conocido como CAF, con la aprobaci\u00f3n de 20 de los 21 pa\u00edses miembros y la decisi\u00f3n de toda la comunidad latinoamericana de asistir y fortalecer las reservas argentinas, se aprob\u00f3 un desembolso de mil millones de d\u00f3lares&#8221;.<\/p>\n<p>Luego, este lunes el Banco del Pueblo Chino y el gobierno chino decidieron ampliar el segundo tramo del swap, &#8220;permiti\u00e9ndonos que los 1.700 millones de d\u00f3lares adicionales para completar el pago en el d\u00eda de hoy de 2.700 millones de d\u00f3lares, se realicen en yuanes directamente desde la cuenta del segundo tramo swap de Argentina con China al Fondo Monetario Internacional&#8221;.<\/p>\n","protected":false},"excerpt":{"rendered":"<p>El ministro de Econom\u00eda habl\u00f3 tras el acuerdo alcanzado el viernes pasado con el Fondo Monetario Internacional (FMI). Confirm\u00f3 que no usar\u00e1n d\u00f3lares de reservas &nbsp; &nbsp; &nbsp; El ministro de Econom\u00eda y precandidato presidencial por Uni\u00f3n por la Patria (UxP), Sergio Massa, asegur\u00f3 esta ma\u00f1ana que la Argentina &#8220;no va a usar un solo d\u00f3lar de sus reservas&#8221; para el pago de vencimientos por US$ 2.700 millones de d\u00f3lares previstos con el Fondo Monetario Internacional (FMI). El anuncio se hizo luego de que el viernes se cerrara la revisi\u00f3n&#8230;<\/p>\n","protected":false},"author":3,"featured_media":105626,"comment_status":"closed","ping_status":"closed","sticky":false,"template":"","format":"standard","meta":[],"categories":[18],"tags":[],"_links":{"self":[{"href":"https:\/\/www.actualidadadiario.com\/index.php\/wp-json\/wp\/v2\/posts\/105624"}],"collection":[{"href":"https:\/\/www.actualidadadiario.com\/index.php\/wp-json\/wp\/v2\/posts"}],"about":[{"href":"https:\/\/www.actualidadadiario.com\/index.php\/wp-json\/wp\/v2\/types\/post"}],"author":[{"embeddable":true,"href":"https:\/\/www.actualidadadiario.com\/index.php\/wp-json\/wp\/v2\/users\/3"}],"replies":[{"embeddable":true,"href":"https:\/\/www.actualidadadiario.com\/index.php\/wp-json\/wp\/v2\/comments?post=105624"}],"version-history":[{"count":1,"href":"https:\/\/www.actualidadadiario.com\/index.php\/wp-json\/wp\/v2\/posts\/105624\/revisions"}],"predecessor-version":[{"id":105627,"href":"https:\/\/www.actualidadadiario.com\/index.php\/wp-json\/wp\/v2\/posts\/105624\/revisions\/105627"}],"wp:featuredmedia":[{"embeddable":true,"href":"https:\/\/www.actualidadadiario.com\/index.php\/wp-json\/wp\/v2\/media\/105626"}],"wp:attachment":[{"href":"https:\/\/www.actualidadadiario.com\/index.php\/wp-json\/wp\/v2\/media?parent=105624"}],"wp:term":[{"taxonomy":"category","embeddable":true,"href":"https:\/\/www.actualidadadiario.com\/index.php\/wp-json\/wp\/v2\/categories?post=105624"},{"taxonomy":"post_tag","embeddable":true,"href":"https:\/\/www.actualidadadiario.com\/index.php\/wp-json\/wp\/v2\/tags?post=105624"}],"curies":[{"name":"wp","href":"https:\/\/api.w.org\/{rel}","templated":true}]}}