{"id":10562,"date":"2017-04-26T09:23:12","date_gmt":"2017-04-26T12:23:12","guid":{"rendered":"http:\/\/actualidadadiario.com\/site\/?p=10562"},"modified":"2017-04-26T09:23:12","modified_gmt":"2017-04-26T12:23:12","slug":"provincia-y-nacion-articulan-acciones-para-el-desarrollo-forestal","status":"publish","type":"post","link":"https:\/\/www.actualidadadiario.com\/index.php\/2017\/04\/26\/provincia-y-nacion-articulan-acciones-para-el-desarrollo-forestal\/","title":{"rendered":"Provincia y Naci\u00f3n articulan acciones para el desarrollo forestal"},"content":{"rendered":"<p><em><strong>El ministro de Producci\u00f3n, Carlos Schepens, presidi\u00f3 hoy el lanzamiento de la Mesa Forestal. Este \u00e1mbito de an\u00e1lisis especializado de la situaci\u00f3n de la actividad se constituy\u00f3 como un espacio que, trascendiendo las urgencias de la coyuntura, analice las necesidades del sector, eval\u00fae las distintas pol\u00edticas implementadas en los \u00faltimos tiempos y proponga acciones a futuro. La premisa es la elaboraci\u00f3n de un proyecto de trabajo que siente las bases de una actividad estable y sustentable en el tiempo<\/strong><\/em><\/p>\n<p>&nbsp;<\/p>\n<p>&nbsp;<\/p>\n<p>&nbsp;<\/p>\n<p>La Mesa, que est\u00e1 conformada con todos los actores del sector, es una modalidad implementada por el Ministerio de Producci\u00f3n en todas las cadenas de valor y donde horizontalmente se tratan todas y cada una de las problem\u00e1ticas, desde la actividad primaria hasta la comercial. La oportunidad de su lanzamiento en el d\u00eda de hoy, se decidi\u00f3 a partir de contar con la visita de la subsecretar\u00eda de Desarrollo Foresto Industrial de Naci\u00f3n, Lucrecia Santinoni.<\/p>\n<p>&nbsp;<\/p>\n<p>La funcionaria nacional, adem\u00e1s de analizar e intercambiar con los presentes sobre la situaci\u00f3n y el panorama forestal de la provincia, explic\u00f3 los detalles de la ejecuci\u00f3n del Censo nacional de aserraderos que tiene como finalidad la de contar y conocer datos y tener el mapa real de la actividad.<\/p>\n<p>&nbsp;<\/p>\n<p>La idea, seg\u00fan Santinoni, es que el Censo nacional sea la primera etapa, porque el objetivo es abarcar a toda la industria forestal. \u201cLo central es tener la informaci\u00f3n objetiva, tener la foto lo m\u00e1s precisa posible para que los instrumentos que desarrollemos entre naci\u00f3n y provincia apunte a que este sector vuelva a florecer y despegue\u201d.<\/p>\n<p>&nbsp;<\/p>\n<p>\u201cEl sector forestal en esta provincia es uno de los motores de la econom\u00eda, es complementario con el sector primario y lo que necesitamos es conocer en profundidad donde est\u00e1n las necesidades con instrumentos que debemos dise\u00f1ar o que ya est\u00e1n dise\u00f1ados. Necesitamos levantar el perfil de este sector, que se visualice, porque tiene un perfil muy bajo y nos puede dar muchas satisfacciones en la generaci\u00f3n de empleo, en la radicaci\u00f3n y localizaci\u00f3n de Pymes que son las que mueven a todos los pueblos del interior\u201d<\/p>\n<p>&nbsp;<\/p>\n<p>Otro tema que mereci\u00f3 especial atenci\u00f3n es el desarrollo de la construcci\u00f3n de viviendas de maderas, pol\u00edtica que desde el Ministerio de Producci\u00f3n se viene trabajando en forma intensa y sostenida.<\/p>\n<p>&nbsp;<\/p>\n<p>Al respecto, el ministro Schepens se\u00f1al\u00f3 que se ha avanzado much\u00edsimo en \u201cdefinir los distintos aspectos a contemplar para lograr un proyecto sustentable. A\u00fan tenemos que cumplimentar algunos pasos administrativos pero estamos en la etapa final y todos los d\u00edas estamos haciendo los tr\u00e1mites y los estudios pertinentes para consolidar el proyecto\u201d.<\/p>\n<p>&nbsp;<\/p>\n<p>\u201cTeniendo la posibilidad de duplicar la superficie forestal actual, apostamos a avanzar arm\u00f3nicamente entre la producci\u00f3n primaria y la parte industrial para hacer realidad esta preocupaci\u00f3n permanente por la generaci\u00f3n de empleo\u201d, indic\u00f3 Schepens.<\/p>\n<p>&nbsp;<\/p>\n<p>Por su parte, la subsecretaria de Desarrollo Foresto Industrial de Naci\u00f3n, Lucrecia Santinoni, destac\u00f3 que \u201csurge la necesidad de promover a la madera en la construcci\u00f3n y Entre R\u00edos y Misiones son las provincias donde mejor recepci\u00f3n venimos teniendo. Todos reconocemos las virtudes que tiene la madera en la construcci\u00f3n. Es un material sustentable, renovable, energ\u00e9ticamente m\u00e1s eficiente y las prestaciones son iguales o mejores a los materiales tradicionales\u201d.<\/p>\n<p>&nbsp;<\/p>\n<p>\u201cEntre las limitantes que encontramos para que se desarrolle este sector est\u00e1n todas las cuestiones ligadas a aspectos normativos. Por ello estamos trabajando con distintos organismos nacionales y con las provincias y hemos conseguido las normas que establecen los c\u00e1lculos estructurales de madera. Paralelamente, estamos trabajando en la redacci\u00f3n de los manuales de construcci\u00f3n y con los documentos t\u00e9cnicos y en un marco normativo que pueda resguardar todos los aspectos que tiene esta industria\u201d, explic\u00f3 la funcionaria.<\/p>\n<p>&nbsp;<\/p>\n<p>\u201cTambi\u00e9n estamos abocados a estudiar aspectos de impacto y cambio clim\u00e1tico y tambi\u00e9n con los manuales de estandarizaci\u00f3n y calidad de madera, muy importantes a la hora de pensar la exportaci\u00f3n\u201d.<\/p>\n<p>&nbsp;<\/p>\n<p>En cuanto a Entre R\u00edos, Santinoni sostuvo que \u201cse ha tomado como referencia la Ley que tiene la provincia y que ya est\u00e1 reglamentada y que establece que el diez por ciento de la construcci\u00f3n de los planes de viviendas, sea de madera. La construcci\u00f3n, en general, y en madera, en particular, es motor de la econom\u00eda y generadora de empleo y esta industria va a permitir la instalaci\u00f3n de un sinf\u00edn de Pymes tanto de armado, como casapartistas que es precisamente, lo que queremos desarrollar en Entre R\u00edos: el concepto de casapartistas. As\u00ed que todo es promisorio y es esperanzador\u201d, concluy\u00f3.<\/p>\n<p>&nbsp;<\/p>\n<p>Estuvieron presentes en la reuni\u00f3n, adem\u00e1s de Schepens y Santinoni, el secretario de Producci\u00f3n Primaria, Mart\u00edn Barbieri, el subsecretario de Industria, Mario Acu\u00f1a y el director de Agricultura, Lucio Amavet.<\/p>\n<p>&nbsp;<\/p>\n<p>Mientras que por las entidades, estuvieron representantes de los Industriales Madereros y Forestales de Entre R\u00edos y Sur de Corrientes (IMFER), el Centro de Desarrollo Foresto Industrial (Cedefi), la Regional R\u00edo Uruguay de la Asociaci\u00f3n Forestal Argentina (AFoA) y t\u00e9cnicos del INTI y del INTA Concordia.<\/p>\n","protected":false},"excerpt":{"rendered":"<p>El ministro de Producci\u00f3n, Carlos Schepens, presidi\u00f3 hoy el lanzamiento de la Mesa Forestal. Este \u00e1mbito de an\u00e1lisis especializado de la situaci\u00f3n de la actividad se constituy\u00f3 como un espacio que, trascendiendo las urgencias de la coyuntura, analice las necesidades del sector, eval\u00fae las distintas pol\u00edticas implementadas en los \u00faltimos tiempos y proponga acciones a futuro. La premisa es la elaboraci\u00f3n de un proyecto de trabajo que siente las bases de una actividad estable y sustentable en el tiempo &nbsp; &nbsp; &nbsp; La Mesa, que est\u00e1 conformada con todos los&#8230;<\/p>\n","protected":false},"author":3,"featured_media":10563,"comment_status":"closed","ping_status":"closed","sticky":false,"template":"","format":"standard","meta":[],"categories":[15],"tags":[],"_links":{"self":[{"href":"https:\/\/www.actualidadadiario.com\/index.php\/wp-json\/wp\/v2\/posts\/10562"}],"collection":[{"href":"https:\/\/www.actualidadadiario.com\/index.php\/wp-json\/wp\/v2\/posts"}],"about":[{"href":"https:\/\/www.actualidadadiario.com\/index.php\/wp-json\/wp\/v2\/types\/post"}],"author":[{"embeddable":true,"href":"https:\/\/www.actualidadadiario.com\/index.php\/wp-json\/wp\/v2\/users\/3"}],"replies":[{"embeddable":true,"href":"https:\/\/www.actualidadadiario.com\/index.php\/wp-json\/wp\/v2\/comments?post=10562"}],"version-history":[{"count":1,"href":"https:\/\/www.actualidadadiario.com\/index.php\/wp-json\/wp\/v2\/posts\/10562\/revisions"}],"predecessor-version":[{"id":10564,"href":"https:\/\/www.actualidadadiario.com\/index.php\/wp-json\/wp\/v2\/posts\/10562\/revisions\/10564"}],"wp:featuredmedia":[{"embeddable":true,"href":"https:\/\/www.actualidadadiario.com\/index.php\/wp-json\/wp\/v2\/media\/10563"}],"wp:attachment":[{"href":"https:\/\/www.actualidadadiario.com\/index.php\/wp-json\/wp\/v2\/media?parent=10562"}],"wp:term":[{"taxonomy":"category","embeddable":true,"href":"https:\/\/www.actualidadadiario.com\/index.php\/wp-json\/wp\/v2\/categories?post=10562"},{"taxonomy":"post_tag","embeddable":true,"href":"https:\/\/www.actualidadadiario.com\/index.php\/wp-json\/wp\/v2\/tags?post=10562"}],"curies":[{"name":"wp","href":"https:\/\/api.w.org\/{rel}","templated":true}]}}