{"id":105616,"date":"2023-07-31T12:30:08","date_gmt":"2023-07-31T15:30:08","guid":{"rendered":"https:\/\/www.actualidadadiario.com\/?p=105616"},"modified":"2023-07-31T12:30:08","modified_gmt":"2023-07-31T15:30:08","slug":"calendario-electoral-2023-provincia-por-provincia-que-se-vota-y-cuando-son-las-elecciones-3","status":"publish","type":"post","link":"https:\/\/www.actualidadadiario.com\/index.php\/2023\/07\/31\/calendario-electoral-2023-provincia-por-provincia-que-se-vota-y-cuando-son-las-elecciones-3\/","title":{"rendered":"Calendario electoral 2023: provincia por provincia, que se vota y cu\u00e1ndo son las elecciones"},"content":{"rendered":"<p style=\"text-align: center;\"><em><strong>Cada regi\u00f3n tiene la facultad de elegir el d\u00eda en que llevar\u00e1 a cabo sus comicios locales. Este a\u00f1o, al menos 18 distritos tendr\u00e1n fechas diferentes a las presidenciales. Cu\u00e1ndo y qu\u00e9 se vota<\/strong><\/em><\/p>\n<p>&nbsp;<\/p>\n<p>&nbsp;<\/p>\n<p>Este a\u00f1o los argentinos volver\u00e1n a las urnas para elegir al pr\u00f3ximo presidente y vicepresidente, que asumir\u00e1n el mando el 10 de diciembre de este a\u00f1o. Adem\u00e1s, se votar\u00e1n gobernadores y legislaciones provinciales, la gran mayor\u00eda en una fecha diferente a las nacionales.<\/p>\n<p>Seg\u00fan lo que establece el C\u00f3digo Nacional Electoral, las elecciones Primarias, Abiertas, Simult\u00e1neas y Obligatorias (PASO) deben realizarse el segundo domingo del octavo mes del a\u00f1o, es decir, el 13 de agosto.<\/p>\n<p>En cuanto a las elecciones Generales, el C\u00f3digo establece que deben llevarse a cabo el cuarto domingo del d\u00e9cimo mes, es decir, el 22 de octubre de este a\u00f1o. Al mismo tiempo, en caso de que sea necesario un balotaje, este deber\u00e1 celebrarse dentro de los 30 d\u00edas posteriores a las generales, estableciendo una posible fecha para el 19 de noviembre.<\/p>\n<p>&nbsp;<\/p>\n<p><strong>Provincia por provincia: cu\u00e1ndo se vota gobernador<\/strong><\/p>\n<p>En un contexto de incertidumbre pol\u00edtica, 18 provincias decidieron que sus elecciones no coincidieran con los comicios nacionales. Cabe destacar que cada regi\u00f3n tiene la facultad de decidir qu\u00e9 d\u00eda se llevar\u00e1 a cabo el proceso democr\u00e1tico en su territorio, por lo que algunas jurisdicciones optaron por desdoblarse de las elecciones presidenciales.<\/p>\n<p>&nbsp;<\/p>\n<p><strong>Estas son las fechas establecidas para las pr\u00f3ximas elecciones de cada provincia:<\/strong><\/p>\n<p><strong>Santa Fe:<\/strong> el 10 de septiembre se realizar\u00e1n las generales. Maximiliano Pullaro se llev\u00f3 el triunfo en las PASO del 16 de julio.<\/p>\n<p><strong>Chaco:<\/strong> en las PASO del 19 de junio gan\u00f3 el opositor Leandro Zdero. El 17 de septiembre competir\u00e1 la general contra Jorge Capitanich.<\/p>\n<p><strong>Mendoza:<\/strong> las generales ser\u00e1n el 24 de septiembre. Alfredo Cornejo gan\u00f3 las PASO del 11 de junio.<\/p>\n<p><strong>Catamarca:<\/strong> no tendr\u00e1 primarias. Las generales se realizar\u00e1n el 22 de octubre, al igual que las nacionales.<\/p>\n<p><strong>Buenos Aires:<\/strong> las PASO y las generales coincidir\u00e1n con los comicios nacionales, el 13 de agosto y el 22 de octubre respectivamente.<\/p>\n<p><strong>CABA:<\/strong> llevar\u00e1 a cabo elecciones \u201cconcurrentes\u201d. Los porte\u00f1os votar\u00e1n el mismo d\u00eda que las nacionales, pero por separado.<\/p>\n<p><strong>Entre R\u00edos:<\/strong> tanto las PASO como las generales se llevar\u00e1n a cabo en las mismas fechas que las elecciones nacionales.<\/p>\n<p><strong>Santa Cruz:<\/strong> en las primarias nacionales, el 13 de agosto, tambi\u00e9n elegir\u00e1n a gobernador. El 22 de octubre definir\u00e1n cargos locales.<\/p>\n<p>&nbsp;<\/p>\n<p><strong>Las provincias que ya votaron:<\/strong><\/p>\n<p><strong>Tucum\u00e1n<\/strong><\/p>\n<p>Los comicios realizados el 11 de junio dejaron como ganador a Osvaldo Jaldo, del Partido Justicialista.<\/p>\n<p>&nbsp;<\/p>\n<p><strong>San Luis<\/strong><\/p>\n<p>Las elecciones del 11 de junio llev\u00f3 al triunfo a Claudio Poggi, de Avanzar San Luis, terminando con la hegemon\u00eda peronista de 40 a\u00f1os de los Rodr\u00edguez Sa\u00e1.<\/p>\n<p>&nbsp;<\/p>\n<p><strong>Corrientes<\/strong><\/p>\n<p>No eligieron gobernador, tuvieron elecciones en 2021. El 11 de junio la alianza Encuentro por Corrientes (ECO), que responde a Juntos por el Cambio, se impuso en las elecciones legislativas.<\/p>\n<p>&nbsp;<\/p>\n<p><strong>Tierra del Fuego<\/strong><\/p>\n<p>El 14 de mayo se llevaron a cabo los comicios que dieron como ganador al actual gobernador, Gustavo Melella, del Frente de Todos.<\/p>\n<p>&nbsp;<\/p>\n<p><strong>Salta<\/strong><\/p>\n<p>Gustavo Sa\u00e9nz, de la Alianza Gustavo Gobernador, obtuvo su reelecci\u00f3n en los comicios provinciales del 14 de mayo.<\/p>\n<p>&nbsp;<\/p>\n<p><strong>La Pampa<\/strong><\/p>\n<p>Las votaciones del 14 de mayo dejaron como ganador al actual gobernador del Frente Justicialista Pampeano, Sergio Zilioto.<\/p>\n<p>&nbsp;<\/p>\n<p><strong>Jujuy<\/strong><\/p>\n<p>En las votaciones realizadas el 7 de mayo, Carlos Sadir se consagr\u00f3 como el sucesor oficialista de Gerardo Morales en la gobernaci\u00f3n de la provincia.<\/p>\n<p>&nbsp;<\/p>\n<p><strong>Misiones<\/strong><\/p>\n<p>Los comicios realizados el 7 de mayo dejaron como ganador a Hugo Passalacqua, del Frente para la Concordia, por una amplia diferencia.<\/p>\n<p>&nbsp;<\/p>\n<p><strong>La Rioja<\/strong><\/p>\n<p>El candidato del Frente de Todos, Ricardo Quintela, se impuso en las elecciones provinciales del 7 de mayo y logr\u00f3 la reelecci\u00f3n.<\/p>\n<p>&nbsp;<\/p>\n<p><strong>R\u00edo Negro<\/strong><\/p>\n<p>Las elecciones del 16 de abril dejaron como ganador al senador nacional Alberto Weretilneck, de Juntos Somos R\u00edo Negro, que asumir\u00e1 su tercer mandato como gobernador.<\/p>\n<p>&nbsp;<\/p>\n<p><strong>Neuqu\u00e9n<\/strong><\/p>\n<p>En el comicio provincial del 16 de abril, triunf\u00f3 el diputado nacional Rolando Figueroa, del Movimiento Popular Neuquino, y se convertir\u00e1 en gobernador.<\/p>\n<p>&nbsp;<\/p>\n<p><strong>C\u00f3rdoba<\/strong><\/p>\n<p>El candidato del oficialismo cordob\u00e9s, Mart\u00edn Llaryora se impuso por el 3% de los votos contra Luis Juez, el candidato de Juntos por el Cambio, en las elecciones del 25 de junio.<\/p>\n<p>&nbsp;<\/p>\n<p><strong>Formosa<\/strong><\/p>\n<p>El gobernador peronista, Gildo Insfr\u00e1n, conquist\u00f3 un nuevo triunfo en los comicios provinciales con casi el 70% de los votos.<\/p>\n<p>&nbsp;<\/p>\n<p><strong>San Juan<\/strong><\/p>\n<p>Luego del dictamen de la Corte Suprema, las elecciones del 2 de julio dieron como ganador a Marcelo Orrego, de Unidos por San Juan (marca provincial de Juntos por el Cambio)<\/p>\n<p>&nbsp;<\/p>\n<p><strong>Santiago del Estero<\/strong><\/p>\n<p>Realiz\u00f3 las elecciones para gobernador en el 2021. Gerardo Zamora obtuvo su reelecci\u00f3n.<\/p>\n<p>&nbsp;<\/p>\n<p><strong>Cronograma Electoral Completo: cu\u00e1ndo son los debates presidenciales y que d\u00eda se vota<\/strong><\/p>\n<p>La C\u00e1mara Nacional Electoral aprob\u00f3 el cronograma para las pr\u00f3ximas elecciones y fij\u00f3 las fechas en las que se realizan las presentaciones de listas, los debates presidenciales, la publicaci\u00f3n de los padrones y otros procesos importantes. Estas son las etapas destacadas de las elecciones presidenciales 2023:<\/p>\n<p><strong>Cierre del padr\u00f3n provisorio:<\/strong> 25 de abril<\/p>\n<p><strong>Presentaci\u00f3n de listas de precandidatos a las PASO:<\/strong> 24 de junio<\/p>\n<p><strong>Inicio de la campa\u00f1a electoral:<\/strong> 24 de junio.<\/p>\n<p><strong>Inicio de emisi\u00f3n de publicidades en medios audiovisuales:<\/strong> desde el 9 de julio<\/p>\n<p><strong>Designaci\u00f3n de autoridades de mesa y publicaci\u00f3n del padr\u00f3n definitivo:<\/strong> 14 de julio.<\/p>\n<p><strong>Comienzo de la veda electoral:<\/strong> 11 de agosto desde las 8.<\/p>\n<p><strong>PASO nacionales:<\/strong> 13 de agosto.<\/p>\n<p><strong>Inicio de campa\u00f1a electoral para las generales:<\/strong> 2 de septiembre.<\/p>\n<p><strong>Emisi\u00f3n de publicidades en medios audiovisuales:<\/strong> 17 de septiembre.<\/p>\n<p><strong>Publicaci\u00f3n de los padrones definitivos:<\/strong> 22 de septiembre<\/p>\n<p><strong>Primer debate presidencial obligatorio:<\/strong> 1 de octubre<\/p>\n<p><strong>Segundo debate presidencial obligatorio:<\/strong> 8 de octubre.<\/p>\n<p><strong>Fin de la campa\u00f1a y comienzo de la veda electoral:<\/strong> 20 de octubre.<\/p>\n<p><strong>Elecciones generales nacionales:<\/strong> 22 de octubre.<\/p>\n<p><strong>Debate presidencial obligatorio<\/strong> (en caso de realizarse una segunda vuelta): 12 de noviembre.<\/p>\n<p><strong>Eventual balotaje:<\/strong> 19 de noviembre<\/p>\n","protected":false},"excerpt":{"rendered":"<p>Cada regi\u00f3n tiene la facultad de elegir el d\u00eda en que llevar\u00e1 a cabo sus comicios locales. Este a\u00f1o, al menos 18 distritos tendr\u00e1n fechas diferentes a las presidenciales. Cu\u00e1ndo y qu\u00e9 se vota &nbsp; &nbsp; Este a\u00f1o los argentinos volver\u00e1n a las urnas para elegir al pr\u00f3ximo presidente y vicepresidente, que asumir\u00e1n el mando el 10 de diciembre de este a\u00f1o. Adem\u00e1s, se votar\u00e1n gobernadores y legislaciones provinciales, la gran mayor\u00eda en una fecha diferente a las nacionales. Seg\u00fan lo que establece el C\u00f3digo Nacional Electoral, las elecciones Primarias,&#8230;<\/p>\n","protected":false},"author":3,"featured_media":97109,"comment_status":"closed","ping_status":"closed","sticky":false,"template":"","format":"standard","meta":[],"categories":[1],"tags":[],"_links":{"self":[{"href":"https:\/\/www.actualidadadiario.com\/index.php\/wp-json\/wp\/v2\/posts\/105616"}],"collection":[{"href":"https:\/\/www.actualidadadiario.com\/index.php\/wp-json\/wp\/v2\/posts"}],"about":[{"href":"https:\/\/www.actualidadadiario.com\/index.php\/wp-json\/wp\/v2\/types\/post"}],"author":[{"embeddable":true,"href":"https:\/\/www.actualidadadiario.com\/index.php\/wp-json\/wp\/v2\/users\/3"}],"replies":[{"embeddable":true,"href":"https:\/\/www.actualidadadiario.com\/index.php\/wp-json\/wp\/v2\/comments?post=105616"}],"version-history":[{"count":2,"href":"https:\/\/www.actualidadadiario.com\/index.php\/wp-json\/wp\/v2\/posts\/105616\/revisions"}],"predecessor-version":[{"id":105618,"href":"https:\/\/www.actualidadadiario.com\/index.php\/wp-json\/wp\/v2\/posts\/105616\/revisions\/105618"}],"wp:featuredmedia":[{"embeddable":true,"href":"https:\/\/www.actualidadadiario.com\/index.php\/wp-json\/wp\/v2\/media\/97109"}],"wp:attachment":[{"href":"https:\/\/www.actualidadadiario.com\/index.php\/wp-json\/wp\/v2\/media?parent=105616"}],"wp:term":[{"taxonomy":"category","embeddable":true,"href":"https:\/\/www.actualidadadiario.com\/index.php\/wp-json\/wp\/v2\/categories?post=105616"},{"taxonomy":"post_tag","embeddable":true,"href":"https:\/\/www.actualidadadiario.com\/index.php\/wp-json\/wp\/v2\/tags?post=105616"}],"curies":[{"name":"wp","href":"https:\/\/api.w.org\/{rel}","templated":true}]}}