{"id":105610,"date":"2023-07-31T12:26:56","date_gmt":"2023-07-31T15:26:56","guid":{"rendered":"https:\/\/www.actualidadadiario.com\/?p=105610"},"modified":"2023-07-31T12:26:56","modified_gmt":"2023-07-31T15:26:56","slug":"supermercados-preven-aumentos-mayores-al-6-para-agosto","status":"publish","type":"post","link":"https:\/\/www.actualidadadiario.com\/index.php\/2023\/07\/31\/supermercados-preven-aumentos-mayores-al-6-para-agosto\/","title":{"rendered":"Supermercados prev\u00e9n aumentos mayores al 6% para agosto"},"content":{"rendered":"<p style=\"text-align: center;\"><em><strong>Julio termina con un panorama dispar, ya que en las cadenas y supermercados provinciales el aumento fue del 5%. Pero en almacenes los incrementos promediaron el 8%<\/strong><\/em><\/p>\n<p>&nbsp;<\/p>\n<p>&nbsp;<\/p>\n<p>A pesar de la calma relativa que hubo en julio, en los supermercados y comercios de cercan\u00eda advirtieron que agosto llegar\u00e1 con aumentos promedio superiores al 6% y picos de hasta 9%.<\/p>\n<p>El presidente de la Federaci\u00f3n Argentina de Supermercados (FASA), V\u00edctor Palpacelli, dijo que en julio hubo &#8220;un incremento de precios promedio del 5,1%\u201d. No obstante, apunt\u00f3 que \u201cse esperan aumentos del 5% al 7% para esta semana por la suba del d\u00f3lar blue la semana pasada\u201d.<\/p>\n<p>En la misma direcci\u00f3n, el titular de la Federaci\u00f3n de Almaceneros de la provincia de Buenos Aires (FABA), Fernando Savore, indic\u00f3 que julio cerr\u00f3 con \u201cun 8 por ciento de aumentos promedio y ahora con listados que llegan al 9 por ciento para el comienzo de agosto\u201d.<\/p>\n<p>Palpacelli puntualiz\u00f3 que \u201cla venta por unidades cay\u00f3 3,1% en julio\u201d y agreg\u00f3 que \u201cno hay un panorama de mejora\u201d. Plante\u00f3 que deber\u00edan existir \u201cplanes con promociones para compras con tarjeta; hay mucho para hacer\u201d.<\/p>\n<p>&nbsp;<\/p>\n<p><strong>Suba generalizada<\/strong><\/p>\n<p>Uno de los directivos de la entidad FASA y\u00a0 titular de la C\u00e1mara de Supermercados de Rosario, Sergio L\u00f3pez, hab\u00eda indicado que \u201cen lo que va del mes, hubo aumentos del 8 por ciento por fuera de Precios Justos\u201d, posici\u00f3n compartida con el sector nucleado en la Confederaci\u00f3n General Almacenera (CGA).<\/p>\n<p>En lo que respecta a perfumer\u00eda y limpieza, hubo incrementos del 5%\/6%; y se calcula al igual que en vinos y pollo, que habr\u00eda un alza mensual del 8%\/9%. En relaci\u00f3n con las cifras dadas a conocer por el INDEC respecto de junio, L\u00f3pez dijo: \u201cA nosotros nos dio el doble\u201d.<\/p>\n<p>Por su parte, la representante de los s\u00faper chinos, Yolanda Dur\u00e1n, afirm\u00f3 sobre Precios Justos Barriales que el cumplimiento es parcial y no de todos los mayoristas ni productos. Asimismo, Savore dijo: \u201cjulio empez\u00f3 con muchos aumentos, como en l\u00e1cteos 8%, galletitas, 8%; gaseosas 8%, lo que son productos de limpieza y perfumer\u00eda est\u00e1 entre 8 y un 10%\u201d. Luego, agreg\u00f3 que \u201cesta din\u00e1mica se mantuvo a lo largo del mes\u201d.<\/p>\n<p>&nbsp;<\/p>\n<p><strong>Precios Justos<\/strong><\/p>\n<p>Respecto del programa Precios Justos, \u201cse ven menos, con suerte un 50 por ciento del total para ser generosos\u201d, expresaron en las cadenas provinciales nucleadas en las c\u00e1maras CAS y FASA.<\/p>\n<p>Las fuentes indicaron adem\u00e1s que la entrega de mercader\u00eda en cuotas es cada vez m\u00e1s habitual. &#8220;Por ejemplo, Aceitera General Deheza (AGD) entrega el 25% de los pedidos&#8221;, se\u00f1alaron.<\/p>\n<p>En el sector de consumo masivo, las grandes cadenas, supermercados provinciales y chinos, y almacenes est\u00e1n siendo objeto de las remarcaciones de la industria. \u201cSe traslada lo m\u00ednimo que se puede; no es f\u00e1cil estar remarcando con este consumo\u201d, afirman.<\/p>\n","protected":false},"excerpt":{"rendered":"<p>Julio termina con un panorama dispar, ya que en las cadenas y supermercados provinciales el aumento fue del 5%. Pero en almacenes los incrementos promediaron el 8% &nbsp; &nbsp; A pesar de la calma relativa que hubo en julio, en los supermercados y comercios de cercan\u00eda advirtieron que agosto llegar\u00e1 con aumentos promedio superiores al 6% y picos de hasta 9%. El presidente de la Federaci\u00f3n Argentina de Supermercados (FASA), V\u00edctor Palpacelli, dijo que en julio hubo &#8220;un incremento de precios promedio del 5,1%\u201d. No obstante, apunt\u00f3 que \u201cse esperan&#8230;<\/p>\n","protected":false},"author":3,"featured_media":78634,"comment_status":"closed","ping_status":"closed","sticky":false,"template":"","format":"standard","meta":[],"categories":[2],"tags":[],"_links":{"self":[{"href":"https:\/\/www.actualidadadiario.com\/index.php\/wp-json\/wp\/v2\/posts\/105610"}],"collection":[{"href":"https:\/\/www.actualidadadiario.com\/index.php\/wp-json\/wp\/v2\/posts"}],"about":[{"href":"https:\/\/www.actualidadadiario.com\/index.php\/wp-json\/wp\/v2\/types\/post"}],"author":[{"embeddable":true,"href":"https:\/\/www.actualidadadiario.com\/index.php\/wp-json\/wp\/v2\/users\/3"}],"replies":[{"embeddable":true,"href":"https:\/\/www.actualidadadiario.com\/index.php\/wp-json\/wp\/v2\/comments?post=105610"}],"version-history":[{"count":1,"href":"https:\/\/www.actualidadadiario.com\/index.php\/wp-json\/wp\/v2\/posts\/105610\/revisions"}],"predecessor-version":[{"id":105611,"href":"https:\/\/www.actualidadadiario.com\/index.php\/wp-json\/wp\/v2\/posts\/105610\/revisions\/105611"}],"wp:featuredmedia":[{"embeddable":true,"href":"https:\/\/www.actualidadadiario.com\/index.php\/wp-json\/wp\/v2\/media\/78634"}],"wp:attachment":[{"href":"https:\/\/www.actualidadadiario.com\/index.php\/wp-json\/wp\/v2\/media?parent=105610"}],"wp:term":[{"taxonomy":"category","embeddable":true,"href":"https:\/\/www.actualidadadiario.com\/index.php\/wp-json\/wp\/v2\/categories?post=105610"},{"taxonomy":"post_tag","embeddable":true,"href":"https:\/\/www.actualidadadiario.com\/index.php\/wp-json\/wp\/v2\/tags?post=105610"}],"curies":[{"name":"wp","href":"https:\/\/api.w.org\/{rel}","templated":true}]}}