{"id":105607,"date":"2023-07-31T12:25:59","date_gmt":"2023-07-31T15:25:59","guid":{"rendered":"https:\/\/www.actualidadadiario.com\/?p=105607"},"modified":"2023-07-31T12:25:59","modified_gmt":"2023-07-31T15:25:59","slug":"se-podra-tener-acceso-a-la-historia-clinica-de-manera-digital-en-todo-el-pais","status":"publish","type":"post","link":"https:\/\/www.actualidadadiario.com\/index.php\/2023\/07\/31\/se-podra-tener-acceso-a-la-historia-clinica-de-manera-digital-en-todo-el-pais\/","title":{"rendered":"Se podr\u00e1 tener acceso a la historia cl\u00ednica de manera digital en todo el pa\u00eds"},"content":{"rendered":"<p style=\"text-align: center;\"><em><strong>Con la creaci\u00f3n del Programa Federal \u00danico de Informatizaci\u00f3n y Digitalizaci\u00f3n de las Historias Cl\u00ednicas los pacientes tendr\u00e1n acceso libre a su historia cl\u00ednica mediante un sistema digitalizado en toda la Argentina<\/strong><\/em><\/p>\n<p>&nbsp;<\/p>\n<p>&nbsp;<\/p>\n<p>El Gobierno reglament\u00f3 este lunes la ley 27.706 que crea el Programa Federal \u00danico de Informatizaci\u00f3n y Digitalizaci\u00f3n de las Historias Cl\u00ednicas, con el objetivo de garantizar que los pacientes tengan acceso libre a su historia cl\u00ednica mediante un sistema digitalizado en todo el pa\u00eds.<\/p>\n<p>As\u00ed lo estableci\u00f3 mediante el decreto 393\/2023 publicado en el Bolet\u00edn Oficial, con las firmas del presidente Alberto Fern\u00e1ndez; el jefe de Gabinete, Agust\u00edn Rossi y la ministra de salud, Carla Vizzotti.<\/p>\n<p>La informaci\u00f3n cl\u00ednica contenida en estos sistemas, su registro, actualizaci\u00f3n o modificaci\u00f3n y consulta se efectuar\u00e1n bajo &#8220;estrictas condiciones&#8221; de seguridad, integridad, autenticidad, confiabilidad, exactitud, inteligibilidad, conservaci\u00f3n, disponibilidad, acceso y trazabilidad, de acuerdo con la normativa vigente en la materia, precis\u00f3 el texto.<\/p>\n<p>La creaci\u00f3n de este sistema garantiza a los pacientes y a los profesionales de la salud el acceso a una base de datos de informaci\u00f3n cl\u00ednica relevante para atenci\u00f3n sanitaria de cada persona desde cualquier lugar del territorio nacional, asegurando que la consulta de los datos quedar\u00e1 restringida a quien est\u00e9 autorizado.<\/p>\n<p>&nbsp;<\/p>\n<p><strong>Modernizaci\u00f3n y acceso<\/strong><\/p>\n<p>Entre los fundamentos, la ley considera que el Estado nacional tiene la responsabilidad de avanzar &#8220;en el camino de la modernizaci\u00f3n tecnol\u00f3gica y digital de los procesos inherentes a la atenci\u00f3n sanitaria&#8221;, a la par de un &#8220;entramado regulatorio a nivel federal&#8221;.<\/p>\n<p>La norma establece como autoridad de aplicaci\u00f3n al Ministerio de Salud que tiene, entre otras, la atribuci\u00f3n de determinar las caracter\u00edsticas t\u00e9cnicas y operativas de la informatizaci\u00f3n y digitalizaci\u00f3n, elaborando un protocolo de carga de historias cl\u00ednicas, as\u00ed como tambi\u00e9n dise\u00f1ar, implementar y poner a disposici\u00f3n del sistema de salud un software de historia cl\u00ednica para interoperar en el sistema de salud.<\/p>\n<p>La iniciativa indica, a su vez, la creaci\u00f3n de una Comisi\u00f3n Interdisciplinaria de expertos que garantice la representaci\u00f3n proporcional de los subsistemas involucrados.<\/p>\n<p>La misma tendr\u00e1 el objetivo de coordinar con las autoridades provinciales y de la Ciudad Aut\u00f3noma de Buenos Aires, en el marco del Consejo Federal de Salud (Cofesa) la implementaci\u00f3n de la ley en cada una de las jurisdicciones, as\u00ed como tambi\u00e9n capacitar al personal sanitario.<\/p>\n<p>&nbsp;<\/p>\n<p><strong>Red de Registros de Pacientes <\/strong><\/p>\n<p>Sancionada en febrero pasado, la ley busca instaurar, en forma progresiva, el Sistema \u00danico de Registro de Historias Cl\u00ednicas Electr\u00f3nicas, que opera como una red que intercomunica e interopera distintos sistemas de registros de pacientes.<\/p>\n<p>As\u00ed se dejar\u00e1 constancia en el sistema de toda intervenci\u00f3n m\u00e9dico-sanitaria a cargo de profesionales y auxiliares de la salud, que se brinde en el territorio nacional, ya sea en establecimientos p\u00fablicos del sistema de salud de jurisdicci\u00f3n nacional, provincial o municipal, y de la Ciudad Aut\u00f3noma de Buenos Aires, como en establecimientos privados y de la seguridad social.<\/p>\n<p>Se establece adem\u00e1s que deber\u00e1 contener los datos cl\u00ednicos de la persona o paciente, de forma clara y de f\u00e1cil entendimiento, desde el nacimiento hasta su fallecimiento.<\/p>\n","protected":false},"excerpt":{"rendered":"<p>Con la creaci\u00f3n del Programa Federal \u00danico de Informatizaci\u00f3n y Digitalizaci\u00f3n de las Historias Cl\u00ednicas los pacientes tendr\u00e1n acceso libre a su historia cl\u00ednica mediante un sistema digitalizado en toda la Argentina &nbsp; &nbsp; El Gobierno reglament\u00f3 este lunes la ley 27.706 que crea el Programa Federal \u00danico de Informatizaci\u00f3n y Digitalizaci\u00f3n de las Historias Cl\u00ednicas, con el objetivo de garantizar que los pacientes tengan acceso libre a su historia cl\u00ednica mediante un sistema digitalizado en todo el pa\u00eds. As\u00ed lo estableci\u00f3 mediante el decreto 393\/2023 publicado en el Bolet\u00edn&#8230;<\/p>\n","protected":false},"author":3,"featured_media":105608,"comment_status":"closed","ping_status":"closed","sticky":false,"template":"","format":"standard","meta":[],"categories":[2],"tags":[],"_links":{"self":[{"href":"https:\/\/www.actualidadadiario.com\/index.php\/wp-json\/wp\/v2\/posts\/105607"}],"collection":[{"href":"https:\/\/www.actualidadadiario.com\/index.php\/wp-json\/wp\/v2\/posts"}],"about":[{"href":"https:\/\/www.actualidadadiario.com\/index.php\/wp-json\/wp\/v2\/types\/post"}],"author":[{"embeddable":true,"href":"https:\/\/www.actualidadadiario.com\/index.php\/wp-json\/wp\/v2\/users\/3"}],"replies":[{"embeddable":true,"href":"https:\/\/www.actualidadadiario.com\/index.php\/wp-json\/wp\/v2\/comments?post=105607"}],"version-history":[{"count":1,"href":"https:\/\/www.actualidadadiario.com\/index.php\/wp-json\/wp\/v2\/posts\/105607\/revisions"}],"predecessor-version":[{"id":105609,"href":"https:\/\/www.actualidadadiario.com\/index.php\/wp-json\/wp\/v2\/posts\/105607\/revisions\/105609"}],"wp:featuredmedia":[{"embeddable":true,"href":"https:\/\/www.actualidadadiario.com\/index.php\/wp-json\/wp\/v2\/media\/105608"}],"wp:attachment":[{"href":"https:\/\/www.actualidadadiario.com\/index.php\/wp-json\/wp\/v2\/media?parent=105607"}],"wp:term":[{"taxonomy":"category","embeddable":true,"href":"https:\/\/www.actualidadadiario.com\/index.php\/wp-json\/wp\/v2\/categories?post=105607"},{"taxonomy":"post_tag","embeddable":true,"href":"https:\/\/www.actualidadadiario.com\/index.php\/wp-json\/wp\/v2\/tags?post=105607"}],"curies":[{"name":"wp","href":"https:\/\/api.w.org\/{rel}","templated":true}]}}