{"id":105592,"date":"2023-07-31T11:05:58","date_gmt":"2023-07-31T14:05:58","guid":{"rendered":"https:\/\/www.actualidadadiario.com\/?p=105592"},"modified":"2023-07-31T11:05:58","modified_gmt":"2023-07-31T14:05:58","slug":"con-incrementos-manana-empieza-el-cronograma-de-pagos-al-personal-de-la-provincia","status":"publish","type":"post","link":"https:\/\/www.actualidadadiario.com\/index.php\/2023\/07\/31\/con-incrementos-manana-empieza-el-cronograma-de-pagos-al-personal-de-la-provincia\/","title":{"rendered":"Con incrementos, ma\u00f1ana empieza el cronograma de pagos al personal de la provincia"},"content":{"rendered":"<p style=\"text-align: center;\"><em><strong>Desde este martes 1\u00ba de agosto hasta el s\u00e1bado 5 se desarrollar\u00e1 el cronograma de pagos del personal activo y pasivo de la administraci\u00f3n p\u00fablica provincial. Los incrementos acordados en paritarias representar\u00e1n en esta oportunidad una suba de aproximadamente el 35% respecto al mes anterior. El primer d\u00eda cobran quienes reciben hasta 163 mil pesos<\/strong><\/em><\/p>\n<p>&nbsp;<\/p>\n<p>&nbsp;<\/p>\n<p>La suba salarial que se liquidar\u00e1 con los haberes de julio resulta del incremento del 7 por ciento retroactivo de junio, a lo que se suma un 13 por ciento acordado en julio, y otro 6 por ciento calculado sobre la nueva base del mes de junio, y a cuenta de los incrementos del segundo semestre acordados entre los gremios de las y los trabajadores del Estado y el gobierno provincial.<\/p>\n<p>&nbsp;<\/p>\n<p><strong>El cronograma es el siguiente:<\/strong><\/p>\n<p><strong>Martes 1 de agosto:<\/strong> Hasta 163.000 pesos.<\/p>\n<p><strong>Mi\u00e9rcoles 2 de agosto:<\/strong> De 163.001 a 250.000 pesos.<\/p>\n<p><strong>Jueves 3 de agosto:<\/strong> De 250.001 a 325.000 pesos.<\/p>\n<p><strong>Viernes 4 de agosto:<\/strong> De 325.001 a 430.000 pesos.<\/p>\n<p><strong>S\u00e1bado 5 de agosto:<\/strong> M\u00e1s de 430.001 pesos.<\/p>\n","protected":false},"excerpt":{"rendered":"<p>Desde este martes 1\u00ba de agosto hasta el s\u00e1bado 5 se desarrollar\u00e1 el cronograma de pagos del personal activo y pasivo de la administraci\u00f3n p\u00fablica provincial. Los incrementos acordados en paritarias representar\u00e1n en esta oportunidad una suba de aproximadamente el 35% respecto al mes anterior. El primer d\u00eda cobran quienes reciben hasta 163 mil pesos &nbsp; &nbsp; La suba salarial que se liquidar\u00e1 con los haberes de julio resulta del incremento del 7 por ciento retroactivo de junio, a lo que se suma un 13 por ciento acordado en julio,&#8230;<\/p>\n","protected":false},"author":3,"featured_media":104897,"comment_status":"closed","ping_status":"closed","sticky":false,"template":"","format":"standard","meta":[],"categories":[9,15],"tags":[],"_links":{"self":[{"href":"https:\/\/www.actualidadadiario.com\/index.php\/wp-json\/wp\/v2\/posts\/105592"}],"collection":[{"href":"https:\/\/www.actualidadadiario.com\/index.php\/wp-json\/wp\/v2\/posts"}],"about":[{"href":"https:\/\/www.actualidadadiario.com\/index.php\/wp-json\/wp\/v2\/types\/post"}],"author":[{"embeddable":true,"href":"https:\/\/www.actualidadadiario.com\/index.php\/wp-json\/wp\/v2\/users\/3"}],"replies":[{"embeddable":true,"href":"https:\/\/www.actualidadadiario.com\/index.php\/wp-json\/wp\/v2\/comments?post=105592"}],"version-history":[{"count":1,"href":"https:\/\/www.actualidadadiario.com\/index.php\/wp-json\/wp\/v2\/posts\/105592\/revisions"}],"predecessor-version":[{"id":105593,"href":"https:\/\/www.actualidadadiario.com\/index.php\/wp-json\/wp\/v2\/posts\/105592\/revisions\/105593"}],"wp:featuredmedia":[{"embeddable":true,"href":"https:\/\/www.actualidadadiario.com\/index.php\/wp-json\/wp\/v2\/media\/104897"}],"wp:attachment":[{"href":"https:\/\/www.actualidadadiario.com\/index.php\/wp-json\/wp\/v2\/media?parent=105592"}],"wp:term":[{"taxonomy":"category","embeddable":true,"href":"https:\/\/www.actualidadadiario.com\/index.php\/wp-json\/wp\/v2\/categories?post=105592"},{"taxonomy":"post_tag","embeddable":true,"href":"https:\/\/www.actualidadadiario.com\/index.php\/wp-json\/wp\/v2\/tags?post=105592"}],"curies":[{"name":"wp","href":"https:\/\/api.w.org\/{rel}","templated":true}]}}