{"id":10559,"date":"2017-04-26T09:22:09","date_gmt":"2017-04-26T12:22:09","guid":{"rendered":"http:\/\/actualidadadiario.com\/site\/?p=10559"},"modified":"2017-04-26T09:22:09","modified_gmt":"2017-04-26T12:22:09","slug":"bordet-definio-como-prioritaria-la-articulacion-publica-privada-en-pos-de-la-transparencia","status":"publish","type":"post","link":"https:\/\/www.actualidadadiario.com\/index.php\/2017\/04\/26\/bordet-definio-como-prioritaria-la-articulacion-publica-privada-en-pos-de-la-transparencia\/","title":{"rendered":"Bordet defini\u00f3 como prioritaria la articulaci\u00f3n p\u00fablica-privada en pos de la transparencia"},"content":{"rendered":"<p><em><strong>El gobernador Gustavo Bordet valor\u00f3 \u201cla posibilidad de estrechar lazos y generar pol\u00edticas de trabajo y acci\u00f3n conjunta porque es lo que la sociedad nos est\u00e1 demandado\u201d e indic\u00f3 que \u201cla articulaci\u00f3n p\u00fablica privada tiene una prioridad en nuestra gesti\u00f3n en pos de la transparencia p\u00fablica\u201d. As\u00ed lo hizo saber en un evento organizado por el Centro de Implementaci\u00f3n de Pol\u00edticas P\u00fablicas para la Equidad y el Crecimiento (Cippec) en la Ciudad Aut\u00f3noma de Buenos Aires<\/strong><\/em><\/p>\n<p>&nbsp;<\/p>\n<p>&nbsp;<\/p>\n<p>&nbsp;<\/p>\n<p>\u201cSon tiempos de concertaciones, de acuerdos y de priorizar objetivos comunes que est\u00e1n muy por encima de cualquier otro particular y de cualquier sesgo pol\u00edtico partidario que pudiera existir&#8221;, expres\u00f3 el mandatario al ingresar a la cena anual organizada por la entidad, a la que asistieron gobernadores, funcionarios nacionales, legislados, dirigentes pol\u00edticos, empresarios, acad\u00e9micos y periodistas.<\/p>\n<p>&nbsp;<\/p>\n<p>La provincia de Entre R\u00edos califica en segundo lugar a nivel nacional, seg\u00fan el \u00cdndice de Transparencia Presupuestaria Provincial que publica el Cippec. El an\u00e1lisis se basa en el nivel de acceso a la informaci\u00f3n, la transparencia activa y la provisi\u00f3n de informaci\u00f3n a trav\u00e9s de los sitios web de los organismos provinciales.<\/p>\n<p>&nbsp;<\/p>\n<p>Bordet, acompa\u00f1ado por el ministro de Gobierno, Mauro Urribarri, sostuvo que &#8220;es importante la relaci\u00f3n de la provincia con un Instituto que tiene un prestigio muy bien ganado en cuanto a mediciones y en cuanto a trabajar en pos de la transparencia p\u00fablica\u201d.<\/p>\n<p>&nbsp;<\/p>\n<p>\u201cEn esto, la articulaci\u00f3n p\u00fablica privada tiene una prioridad en nuestra gesti\u00f3n por eso consider\u00e1bamos que es importante nuestra participaci\u00f3n&#8221;, agreg\u00f3.<\/p>\n<p>&nbsp;<\/p>\n<p>Se refiri\u00f3 luego &#8220;al amplio espectro pol\u00edtico que participa, al igual que el empresariado y la sociedad civil&#8221; a indic\u00f3 que &#8220;siempre resulta necesario para poder intercambiar opiniones, pensar en futuro y en t\u00e9rminos cualitativos y cuantitativo el crecimiento y desarrollo de la provincia de Entre R\u00edos&#8221;.<\/p>\n<p>&nbsp;<\/p>\n<p>Dijo adem\u00e1s que &#8220;eventos de este tipo permite la articulaci\u00f3n de pol\u00edticas p\u00fablicas y privadas, adem\u00e1s de un espacio para pensar en t\u00e9rminos cualitativos y cuantitativos el avance, crecimiento y desarrollo de provincias, en nuestro caso la de Entre R\u00edos, y tener fuertes v\u00ednculos institucionales fortalecidos desde lo p\u00fablico, en relaci\u00f3n Naci\u00f3n, provincia y municipios, y tambi\u00e9n con lo que tiene que ver con la sociedad civil, con el empresariados&#8221;, precis\u00f3.<\/p>\n<p>&nbsp;<\/p>\n<p>&nbsp;<\/p>\n<p>&nbsp;<\/p>\n<p><strong>La cena <\/strong><\/p>\n<p>El gobernador Gustavo Bordet, junto a otros mandatarios provinciales, fueron invitados a este evento en el que participaron pol\u00edticos y sociales, empresarios, diplom\u00e1ticos, periodistas, acad\u00e9micos y miembros de organizaciones internacionales de la cena anual del Cippec. La cita fue este lunes el 24 de abril en la Ciudad Aut\u00f3noma de Buenos Aires.<\/p>\n<p>&nbsp;<\/p>\n<p>La cena anual de recaudaci\u00f3n de fondos de Cippec es uno de los eventos pol\u00edtico-empresarios m\u00e1s importantes del pa\u00eds. Convoca a representantes de todos los niveles de gobierno y de cada poder y a referentes de todo el arco pol\u00edtico. Tambi\u00e9n re\u00fane a empresarios y a las m\u00e1ximas autoridades de los principales medios y redacciones locales e internacionales. En s\u00edntesis, es un punto de encuentro para la dirigencia del pa\u00eds.<\/p>\n<p>&nbsp;<\/p>\n<p>&nbsp;<\/p>\n<p>&nbsp;<\/p>\n<p><strong>El Cippec <\/strong><\/p>\n<p>El Centro de Implementaci\u00f3n de Pol\u00edticas P\u00fablicas para la Equidad y el Crecimiento (Cippec) es una organizaci\u00f3n independiente, apartidaria y sin fines de lucro que produce conocimiento y ofrece recomendaciones para construir mejores pol\u00edticas p\u00fablicas.<\/p>\n","protected":false},"excerpt":{"rendered":"<p>El gobernador Gustavo Bordet valor\u00f3 \u201cla posibilidad de estrechar lazos y generar pol\u00edticas de trabajo y acci\u00f3n conjunta porque es lo que la sociedad nos est\u00e1 demandado\u201d e indic\u00f3 que \u201cla articulaci\u00f3n p\u00fablica privada tiene una prioridad en nuestra gesti\u00f3n en pos de la transparencia p\u00fablica\u201d. As\u00ed lo hizo saber en un evento organizado por el Centro de Implementaci\u00f3n de Pol\u00edticas P\u00fablicas para la Equidad y el Crecimiento (Cippec) en la Ciudad Aut\u00f3noma de Buenos Aires &nbsp; &nbsp; &nbsp; \u201cSon tiempos de concertaciones, de acuerdos y de priorizar objetivos comunes&#8230;<\/p>\n","protected":false},"author":3,"featured_media":10560,"comment_status":"closed","ping_status":"closed","sticky":false,"template":"","format":"standard","meta":[],"categories":[9,15],"tags":[],"_links":{"self":[{"href":"https:\/\/www.actualidadadiario.com\/index.php\/wp-json\/wp\/v2\/posts\/10559"}],"collection":[{"href":"https:\/\/www.actualidadadiario.com\/index.php\/wp-json\/wp\/v2\/posts"}],"about":[{"href":"https:\/\/www.actualidadadiario.com\/index.php\/wp-json\/wp\/v2\/types\/post"}],"author":[{"embeddable":true,"href":"https:\/\/www.actualidadadiario.com\/index.php\/wp-json\/wp\/v2\/users\/3"}],"replies":[{"embeddable":true,"href":"https:\/\/www.actualidadadiario.com\/index.php\/wp-json\/wp\/v2\/comments?post=10559"}],"version-history":[{"count":1,"href":"https:\/\/www.actualidadadiario.com\/index.php\/wp-json\/wp\/v2\/posts\/10559\/revisions"}],"predecessor-version":[{"id":10561,"href":"https:\/\/www.actualidadadiario.com\/index.php\/wp-json\/wp\/v2\/posts\/10559\/revisions\/10561"}],"wp:featuredmedia":[{"embeddable":true,"href":"https:\/\/www.actualidadadiario.com\/index.php\/wp-json\/wp\/v2\/media\/10560"}],"wp:attachment":[{"href":"https:\/\/www.actualidadadiario.com\/index.php\/wp-json\/wp\/v2\/media?parent=10559"}],"wp:term":[{"taxonomy":"category","embeddable":true,"href":"https:\/\/www.actualidadadiario.com\/index.php\/wp-json\/wp\/v2\/categories?post=10559"},{"taxonomy":"post_tag","embeddable":true,"href":"https:\/\/www.actualidadadiario.com\/index.php\/wp-json\/wp\/v2\/tags?post=10559"}],"curies":[{"name":"wp","href":"https:\/\/api.w.org\/{rel}","templated":true}]}}