{"id":105589,"date":"2023-07-31T11:05:08","date_gmt":"2023-07-31T14:05:08","guid":{"rendered":"https:\/\/www.actualidadadiario.com\/?p=105589"},"modified":"2023-07-31T11:05:08","modified_gmt":"2023-07-31T14:05:08","slug":"el-precandidato-a-gobernador-de-mas-para-entre-rios-estara-hoy-en-los-conquistadores","status":"publish","type":"post","link":"https:\/\/www.actualidadadiario.com\/index.php\/2023\/07\/31\/el-precandidato-a-gobernador-de-mas-para-entre-rios-estara-hoy-en-los-conquistadores\/","title":{"rendered":"El precandidato a gobernador de M\u00e1s para Entre R\u00edos, estar\u00e1 hoy en Los Conquistadores"},"content":{"rendered":"<p style=\"text-align: center;\"><em><strong>El precandidato a gobernador de la provincia de M\u00e1s para Entre R\u00edos, Ad\u00e1n Bahl, y su compa\u00f1era de f\u00f3rmula, Claudia Monjo, visitar\u00e1n este lunes la localidad de Los Conquistadores<\/strong><\/em><\/p>\n<p>&nbsp;<\/p>\n<p>&nbsp;<\/p>\n<p>Bahl y Monjo recorrer\u00e1n obras de viviendas que ejecuta el IAPV y el Centro de Salud \u201cGregorio Pucheta\u201d. Luego, alrededor de las 12 del mediod\u00eda, brindar\u00e1n una conferencia de prensa a los medios de la regi\u00f3n.<\/p>\n<p>M\u00e1s tarde, los precandidatos de M\u00e1s para Entre R\u00edos, junto a precandidatos a intendentes de las ciudades del departamento, la precandidata a diputada provincial Vanesa Castillo y el precandidato a senador Luis Brarda, compartir\u00e1n un almuerzo. Tras ello, a las 15 horas, Bahl y Monjo encabezar\u00e1n un encuentro en el Club Social de esa localidad.<\/p>\n<p>Los Conquistadores ser\u00e1 la \u00fanica localidad del departamento Federaci\u00f3n que visitar\u00e1n Ad\u00e1n Bahl antes de las elecciones PASO del 13 de agosto.<\/p>\n","protected":false},"excerpt":{"rendered":"<p>El precandidato a gobernador de la provincia de M\u00e1s para Entre R\u00edos, Ad\u00e1n Bahl, y su compa\u00f1era de f\u00f3rmula, Claudia Monjo, visitar\u00e1n este lunes la localidad de Los Conquistadores &nbsp; &nbsp; Bahl y Monjo recorrer\u00e1n obras de viviendas que ejecuta el IAPV y el Centro de Salud \u201cGregorio Pucheta\u201d. Luego, alrededor de las 12 del mediod\u00eda, brindar\u00e1n una conferencia de prensa a los medios de la regi\u00f3n. M\u00e1s tarde, los precandidatos de M\u00e1s para Entre R\u00edos, junto a precandidatos a intendentes de las ciudades del departamento, la precandidata a diputada&#8230;<\/p>\n","protected":false},"author":3,"featured_media":105590,"comment_status":"closed","ping_status":"closed","sticky":false,"template":"","format":"standard","meta":[],"categories":[15],"tags":[],"_links":{"self":[{"href":"https:\/\/www.actualidadadiario.com\/index.php\/wp-json\/wp\/v2\/posts\/105589"}],"collection":[{"href":"https:\/\/www.actualidadadiario.com\/index.php\/wp-json\/wp\/v2\/posts"}],"about":[{"href":"https:\/\/www.actualidadadiario.com\/index.php\/wp-json\/wp\/v2\/types\/post"}],"author":[{"embeddable":true,"href":"https:\/\/www.actualidadadiario.com\/index.php\/wp-json\/wp\/v2\/users\/3"}],"replies":[{"embeddable":true,"href":"https:\/\/www.actualidadadiario.com\/index.php\/wp-json\/wp\/v2\/comments?post=105589"}],"version-history":[{"count":1,"href":"https:\/\/www.actualidadadiario.com\/index.php\/wp-json\/wp\/v2\/posts\/105589\/revisions"}],"predecessor-version":[{"id":105591,"href":"https:\/\/www.actualidadadiario.com\/index.php\/wp-json\/wp\/v2\/posts\/105589\/revisions\/105591"}],"wp:featuredmedia":[{"embeddable":true,"href":"https:\/\/www.actualidadadiario.com\/index.php\/wp-json\/wp\/v2\/media\/105590"}],"wp:attachment":[{"href":"https:\/\/www.actualidadadiario.com\/index.php\/wp-json\/wp\/v2\/media?parent=105589"}],"wp:term":[{"taxonomy":"category","embeddable":true,"href":"https:\/\/www.actualidadadiario.com\/index.php\/wp-json\/wp\/v2\/categories?post=105589"},{"taxonomy":"post_tag","embeddable":true,"href":"https:\/\/www.actualidadadiario.com\/index.php\/wp-json\/wp\/v2\/tags?post=105589"}],"curies":[{"name":"wp","href":"https:\/\/api.w.org\/{rel}","templated":true}]}}