{"id":105587,"date":"2023-07-31T11:04:10","date_gmt":"2023-07-31T14:04:10","guid":{"rendered":"https:\/\/www.actualidadadiario.com\/?p=105587"},"modified":"2023-07-31T11:04:10","modified_gmt":"2023-07-31T14:04:10","slug":"iapv-comienza-a-funcionar-la-boleta-en-formato-digital","status":"publish","type":"post","link":"https:\/\/www.actualidadadiario.com\/index.php\/2023\/07\/31\/iapv-comienza-a-funcionar-la-boleta-en-formato-digital\/","title":{"rendered":"IAPV: comienza a funcionar la boleta en formato digital"},"content":{"rendered":"<p style=\"text-align: center;\"><em><strong>Ser\u00e1 destinado a los adjudicatarios de viviendas sociales. Se enviar\u00e1 un correo electr\u00f3nico con la boleta digital o el resumen de cuenta donde se informar\u00e1 el importe a pagar. La boleta puede ser impresa o adherida al d\u00e9bito autom\u00e1tico<\/strong><\/em><\/p>\n<p>&nbsp;<\/p>\n<p>&nbsp;<\/p>\n<p>Con el fin de contribuir con el cuidado del ambiente a trav\u00e9s del uso responsable del recurso del papel, el Instituto Aut\u00e1rquico de Planeamiento y Vivienda inform\u00f3 que desde este martes 1\u00ba de agosto los adjudicatarios a viviendas sociales de IAPV van a recibir la boleta s\u00f3lo en formato digital.<\/p>\n<p>La misma puede ser impresa para abonar en cualquier sitio de pago o se pueden adherir al d\u00e9bito autom\u00e1tico o descuento por recibo de sueldo.<\/p>\n<p>Al respecto, el presidente del organismo provincial, Marcelo Bisogni se\u00f1al\u00f3 que \u201cpara poder recibirla por correo electr\u00f3nico, los adjudicatarios deben ingresar a la p\u00e1gina web de la repartici\u00f3n y adherirse en https:\/\/www.iapv.gob.ar\/sistemas\/micuenta\/, con el n\u00famero de DNI y el c\u00f3digo de pago\u201d.<\/p>\n<p>Indic\u00f3 que \u201cen el marco de la pol\u00edtica p\u00fablica que viene llevando adelante el gobierno de Gustavo Bordet, desde IAPV nos sumamos con la boleta digital para evitar la impresi\u00f3n de papeles\u201d.<\/p>\n<p>De esta manera, \u201cdisminuimos el uso del papel, hacemos un uso racional y contribuimos con el cuidado del ambiente\u201d, destac\u00f3.<\/p>\n","protected":false},"excerpt":{"rendered":"<p>Ser\u00e1 destinado a los adjudicatarios de viviendas sociales. Se enviar\u00e1 un correo electr\u00f3nico con la boleta digital o el resumen de cuenta donde se informar\u00e1 el importe a pagar. La boleta puede ser impresa o adherida al d\u00e9bito autom\u00e1tico &nbsp; &nbsp; Con el fin de contribuir con el cuidado del ambiente a trav\u00e9s del uso responsable del recurso del papel, el Instituto Aut\u00e1rquico de Planeamiento y Vivienda inform\u00f3 que desde este martes 1\u00ba de agosto los adjudicatarios a viviendas sociales de IAPV van a recibir la boleta s\u00f3lo en formato&#8230;<\/p>\n","protected":false},"author":3,"featured_media":103588,"comment_status":"closed","ping_status":"closed","sticky":false,"template":"","format":"standard","meta":[],"categories":[15],"tags":[],"_links":{"self":[{"href":"https:\/\/www.actualidadadiario.com\/index.php\/wp-json\/wp\/v2\/posts\/105587"}],"collection":[{"href":"https:\/\/www.actualidadadiario.com\/index.php\/wp-json\/wp\/v2\/posts"}],"about":[{"href":"https:\/\/www.actualidadadiario.com\/index.php\/wp-json\/wp\/v2\/types\/post"}],"author":[{"embeddable":true,"href":"https:\/\/www.actualidadadiario.com\/index.php\/wp-json\/wp\/v2\/users\/3"}],"replies":[{"embeddable":true,"href":"https:\/\/www.actualidadadiario.com\/index.php\/wp-json\/wp\/v2\/comments?post=105587"}],"version-history":[{"count":1,"href":"https:\/\/www.actualidadadiario.com\/index.php\/wp-json\/wp\/v2\/posts\/105587\/revisions"}],"predecessor-version":[{"id":105588,"href":"https:\/\/www.actualidadadiario.com\/index.php\/wp-json\/wp\/v2\/posts\/105587\/revisions\/105588"}],"wp:featuredmedia":[{"embeddable":true,"href":"https:\/\/www.actualidadadiario.com\/index.php\/wp-json\/wp\/v2\/media\/103588"}],"wp:attachment":[{"href":"https:\/\/www.actualidadadiario.com\/index.php\/wp-json\/wp\/v2\/media?parent=105587"}],"wp:term":[{"taxonomy":"category","embeddable":true,"href":"https:\/\/www.actualidadadiario.com\/index.php\/wp-json\/wp\/v2\/categories?post=105587"},{"taxonomy":"post_tag","embeddable":true,"href":"https:\/\/www.actualidadadiario.com\/index.php\/wp-json\/wp\/v2\/tags?post=105587"}],"curies":[{"name":"wp","href":"https:\/\/api.w.org\/{rel}","templated":true}]}}