{"id":105564,"date":"2023-07-28T13:30:24","date_gmt":"2023-07-28T16:30:24","guid":{"rendered":"https:\/\/www.actualidadadiario.com\/?p=105564"},"modified":"2023-07-28T13:30:24","modified_gmt":"2023-07-28T16:30:24","slug":"estallan-las-protestas-por-reforma-judicial-en-israel-cual-es-el-conflicto","status":"publish","type":"post","link":"https:\/\/www.actualidadadiario.com\/index.php\/2023\/07\/28\/estallan-las-protestas-por-reforma-judicial-en-israel-cual-es-el-conflicto\/","title":{"rendered":"Estallan las protestas por reforma judicial en Israel: cu\u00e1l es el conflicto"},"content":{"rendered":"<p style=\"text-align: center;\"><em><strong>El primer ministro, Benjamin Netanyahu, impuls\u00f3 una iniciativa que busca frenar al poder judicial y, as\u00ed, designar jueces a dedo<\/strong><\/em><\/p>\n<p>&nbsp;<\/p>\n<p>&nbsp;<\/p>\n<p>Manifestantes de Israel protagonizaron una masiva protesta este jueves en contra de la reforma judicial propuesta por el Gobierno del primer ministro, Benjamin Netanyahu. La primera parte de la iniciativa fue aprobada este lunes y ciertos sectores de la pol\u00edtica israel\u00ed buscar\u00e1n frenar su avance.<\/p>\n<p>Las manifestaciones del jueves por la noche estuvieron custodiadas por un numeroso operativo de seguridad implementado por la Polic\u00eda, cuyos agentes no intervinieron en acciones represivas debido a que no hubo incidentes ni cortes de tr\u00e1fico en las grandes autopistas, como ocurri\u00f3 en otras ocasiones.<\/p>\n<p>El jefe de la Polic\u00eda israel\u00ed, Kobi Shabtai, prometi\u00f3 una buena predisposici\u00f3n por parte de las fuerzas de seguridad, que permitir\u00e1n el desarrollo de las protestas que no causaran violencia ni perjudicaran el orden p\u00fablico. &#8220;La Polic\u00eda de Israel es apol\u00edtica y trabaja para todo el p\u00fablico mientras mantiene sus valores&#8221;, asegur\u00f3.<\/p>\n<p>&nbsp;<\/p>\n<p><strong>Israel: en qu\u00e9 consiste la reforma judicial<\/strong><\/p>\n<p>Esta semana, el oficialismo de Israel -integrado por ultraortodoxos y ultraderechistas- aprob\u00f3 un proyecto que le quita poderes al poder judicial del pa\u00eds: los jueces no podr\u00e1n implementar los est\u00e1ndares de &#8220;razonabilidad&#8221; para analizar decisiones tomadas por el Gobierno.<\/p>\n<p>Adem\u00e1s, el plan busca cambiar el sistema de elecci\u00f3n de jueces. De esta manera, se otorgar\u00e1 la posibilidad de que los ministros puedan instalar a pol\u00edticos como asesores legales en sus carteras.<\/p>\n<p>El primer ministro, involucrado en supuestos hechos de corrupci\u00f3n, decidi\u00f3 frenar el proyecto y entablar una mesa de negociaciones, idea que fue rechazada por los sectores de la oposici\u00f3n.<\/p>\n<p>&nbsp;<\/p>\n<p><strong>Israel: se revisar\u00e1n apelaciones contra la reforma<\/strong><\/p>\n<p>El Tribunal Supremo de Israel confirm\u00f3 este mi\u00e9rcoles que abordar\u00e1 varias apelaciones presentadas contra la aprobaci\u00f3n por parte del Parlamento de llamada &#8216;cl\u00e1usula de razonabilidad&#8217;, uno de los puntos clave de la controvertida reforma judicial presentada por el Gobierno de Benjam\u00edn Netanyahu, que desat\u00f3 masivas movilizaciones durante los \u00faltimos meses.<\/p>\n<p>Est\u00e1 previsto que el m\u00e1ximo tribunal aborde estas apelaciones en septiembre, mientras que el Gobierno tendr\u00e1 que presentar su postura por escrito 10 d\u00edas antes.<\/p>\n<p>La decisi\u00f3n de fijar estas audiencias para abordar las apelaciones contra la cl\u00e1usula, que impide que los tribunales usen los est\u00e1ndares judiciales de &#8216;razonabilidad&#8217; para analizar las decisiones del Gobierno, no incluye, sin embargo, un congelamiento de su aplicaci\u00f3n, por lo que hoy entr\u00f3 en vigencia como estaba previsto.<\/p>\n","protected":false},"excerpt":{"rendered":"<p>El primer ministro, Benjamin Netanyahu, impuls\u00f3 una iniciativa que busca frenar al poder judicial y, as\u00ed, designar jueces a dedo &nbsp; &nbsp; Manifestantes de Israel protagonizaron una masiva protesta este jueves en contra de la reforma judicial propuesta por el Gobierno del primer ministro, Benjamin Netanyahu. La primera parte de la iniciativa fue aprobada este lunes y ciertos sectores de la pol\u00edtica israel\u00ed buscar\u00e1n frenar su avance. Las manifestaciones del jueves por la noche estuvieron custodiadas por un numeroso operativo de seguridad implementado por la Polic\u00eda, cuyos agentes no intervinieron&#8230;<\/p>\n","protected":false},"author":3,"featured_media":105565,"comment_status":"closed","ping_status":"closed","sticky":false,"template":"","format":"standard","meta":[],"categories":[4],"tags":[],"_links":{"self":[{"href":"https:\/\/www.actualidadadiario.com\/index.php\/wp-json\/wp\/v2\/posts\/105564"}],"collection":[{"href":"https:\/\/www.actualidadadiario.com\/index.php\/wp-json\/wp\/v2\/posts"}],"about":[{"href":"https:\/\/www.actualidadadiario.com\/index.php\/wp-json\/wp\/v2\/types\/post"}],"author":[{"embeddable":true,"href":"https:\/\/www.actualidadadiario.com\/index.php\/wp-json\/wp\/v2\/users\/3"}],"replies":[{"embeddable":true,"href":"https:\/\/www.actualidadadiario.com\/index.php\/wp-json\/wp\/v2\/comments?post=105564"}],"version-history":[{"count":1,"href":"https:\/\/www.actualidadadiario.com\/index.php\/wp-json\/wp\/v2\/posts\/105564\/revisions"}],"predecessor-version":[{"id":105566,"href":"https:\/\/www.actualidadadiario.com\/index.php\/wp-json\/wp\/v2\/posts\/105564\/revisions\/105566"}],"wp:featuredmedia":[{"embeddable":true,"href":"https:\/\/www.actualidadadiario.com\/index.php\/wp-json\/wp\/v2\/media\/105565"}],"wp:attachment":[{"href":"https:\/\/www.actualidadadiario.com\/index.php\/wp-json\/wp\/v2\/media?parent=105564"}],"wp:term":[{"taxonomy":"category","embeddable":true,"href":"https:\/\/www.actualidadadiario.com\/index.php\/wp-json\/wp\/v2\/categories?post=105564"},{"taxonomy":"post_tag","embeddable":true,"href":"https:\/\/www.actualidadadiario.com\/index.php\/wp-json\/wp\/v2\/tags?post=105564"}],"curies":[{"name":"wp","href":"https:\/\/api.w.org\/{rel}","templated":true}]}}