{"id":105558,"date":"2023-07-28T13:28:39","date_gmt":"2023-07-28T16:28:39","guid":{"rendered":"https:\/\/www.actualidadadiario.com\/?p=105558"},"modified":"2023-07-28T13:28:39","modified_gmt":"2023-07-28T16:28:39","slug":"mejora-la-situacion-provocada-por-los-incendios-forestales-en-grecia","status":"publish","type":"post","link":"https:\/\/www.actualidadadiario.com\/index.php\/2023\/07\/28\/mejora-la-situacion-provocada-por-los-incendios-forestales-en-grecia\/","title":{"rendered":"Mejora la situaci\u00f3n provocada por los incendios forestales en Grecia"},"content":{"rendered":"<p style=\"text-align: center;\"><em><strong>&#8220;Por el momento no tenemos ning\u00fan foco activo, el panorama est\u00e1 mejorando&#8221;, informaron los bomberos. Los siniestros provocaron hasta ahora cuatro muertos<\/strong><\/em><\/p>\n<p>&nbsp;<\/p>\n<p>&nbsp;<\/p>\n<p>La situaci\u00f3n provocada por los incendios forestales que afectan desde hace m\u00e1s de una semana las tur\u00edsticas islas griegas de Rodas, Corf\u00fa y Eubea, as\u00ed como en el centro del pa\u00eds, &#8220;est\u00e1 mejorando&#8221;, aseguraron los bomberos.<\/p>\n<p>&#8220;Por el momento no tenemos ning\u00fan foco activo, el panorama est\u00e1 mejorando, pero seguimos en pie de guerra para contener los incendios&#8221;, dijo a la agencia AFP un portavoz de la oficina de prensa de los bomberos griegos.<\/p>\n<p>El jueves, un incendio que se declar\u00f3 cerca de Volos, en el centro-este de Grecia, se propag\u00f3 a una caserna de las fuerzas a\u00e9reas en Nea Anj\u00edalos, provocando explosiones en un dep\u00f3sito de municiones.<\/p>\n<p>M\u00e1s de 130 personas tuvieron que ser evacuadas el jueves por la noche por barco del puerto m\u00e1s cercano a Nea Anj\u00edalos, seg\u00fan los guardacostas.<\/p>\n<p>El incendio en la caserna estaba bajo control y los habitantes de Nea Anj\u00edalos, comenzaron a regresar a sus casas para evaluar los da\u00f1os.<\/p>\n<p>Grecia es uno de los pa\u00edses de la cuenca mediterr\u00e1nea m\u00e1s afectado por la excepcional ola de calor y los incendios forestales que afectan amplias zonas del hemisferio norte desde el inicio del verano boreal.<\/p>\n<p>En Grecia se vieron afectadas por el fuego principalmente las tur\u00edsticas islas de Rodas, Corf\u00fa y Eubea, y desde el mi\u00e9rcoles tambi\u00e9n la regi\u00f3n de Tesalia, en el centro.<\/p>\n<p>En Rodas, en el mar Egeo (sureste), los bomberos, apoyados por aviones hidrantes, siguen intentando contener el fuego, sobre todo en el sur y el este de esta isla.<\/p>\n<p>Los incendios provocaron hasta ahora cuatro muertos, y casi 50.000 hect\u00e1reas de bosque y vegetaci\u00f3n han ardido. Las temperaturas, que subieron hasta los 46 \u00b0C, comenzaron a bajar el jueves. Para este viernes no deber\u00edan superar los 37 \u00b0C, seg\u00fan el centro meteorol\u00f3gico nacional EMY, pero se esperan vientos de hasta 60km\/h.<\/p>\n","protected":false},"excerpt":{"rendered":"<p>&#8220;Por el momento no tenemos ning\u00fan foco activo, el panorama est\u00e1 mejorando&#8221;, informaron los bomberos. Los siniestros provocaron hasta ahora cuatro muertos &nbsp; &nbsp; La situaci\u00f3n provocada por los incendios forestales que afectan desde hace m\u00e1s de una semana las tur\u00edsticas islas griegas de Rodas, Corf\u00fa y Eubea, as\u00ed como en el centro del pa\u00eds, &#8220;est\u00e1 mejorando&#8221;, aseguraron los bomberos. &#8220;Por el momento no tenemos ning\u00fan foco activo, el panorama est\u00e1 mejorando, pero seguimos en pie de guerra para contener los incendios&#8221;, dijo a la agencia AFP un portavoz de&#8230;<\/p>\n","protected":false},"author":3,"featured_media":105559,"comment_status":"closed","ping_status":"closed","sticky":false,"template":"","format":"standard","meta":[],"categories":[4],"tags":[],"_links":{"self":[{"href":"https:\/\/www.actualidadadiario.com\/index.php\/wp-json\/wp\/v2\/posts\/105558"}],"collection":[{"href":"https:\/\/www.actualidadadiario.com\/index.php\/wp-json\/wp\/v2\/posts"}],"about":[{"href":"https:\/\/www.actualidadadiario.com\/index.php\/wp-json\/wp\/v2\/types\/post"}],"author":[{"embeddable":true,"href":"https:\/\/www.actualidadadiario.com\/index.php\/wp-json\/wp\/v2\/users\/3"}],"replies":[{"embeddable":true,"href":"https:\/\/www.actualidadadiario.com\/index.php\/wp-json\/wp\/v2\/comments?post=105558"}],"version-history":[{"count":1,"href":"https:\/\/www.actualidadadiario.com\/index.php\/wp-json\/wp\/v2\/posts\/105558\/revisions"}],"predecessor-version":[{"id":105560,"href":"https:\/\/www.actualidadadiario.com\/index.php\/wp-json\/wp\/v2\/posts\/105558\/revisions\/105560"}],"wp:featuredmedia":[{"embeddable":true,"href":"https:\/\/www.actualidadadiario.com\/index.php\/wp-json\/wp\/v2\/media\/105559"}],"wp:attachment":[{"href":"https:\/\/www.actualidadadiario.com\/index.php\/wp-json\/wp\/v2\/media?parent=105558"}],"wp:term":[{"taxonomy":"category","embeddable":true,"href":"https:\/\/www.actualidadadiario.com\/index.php\/wp-json\/wp\/v2\/categories?post=105558"},{"taxonomy":"post_tag","embeddable":true,"href":"https:\/\/www.actualidadadiario.com\/index.php\/wp-json\/wp\/v2\/tags?post=105558"}],"curies":[{"name":"wp","href":"https:\/\/api.w.org\/{rel}","templated":true}]}}