{"id":105553,"date":"2023-07-28T13:26:41","date_gmt":"2023-07-28T16:26:41","guid":{"rendered":"https:\/\/www.actualidadadiario.com\/?p=105553"},"modified":"2023-07-28T13:26:41","modified_gmt":"2023-07-28T16:26:41","slug":"pablo-gonzalez-volveriamos-a-tomar-la-decision-de-recuperar-ypf","status":"publish","type":"post","link":"https:\/\/www.actualidadadiario.com\/index.php\/2023\/07\/28\/pablo-gonzalez-volveriamos-a-tomar-la-decision-de-recuperar-ypf\/","title":{"rendered":"Pablo Gonz\u00e1lez: &#8220;Volver\u00edamos a tomar la decisi\u00f3n de recuperar YPF&#8221;"},"content":{"rendered":"<p style=\"text-align: center;\"><em><strong>&#8220;La Argentina no hubiera tenido ninguna posibilidad de tener soberan\u00eda energ\u00e9tica si (la entonces presidenta) Cristina Fern\u00e1ndez, los senadores que votamos esa ley -porque yo la vot\u00e9-, Axel Kicillof que en ese momento era ministro de Econom\u00eda no hubieran tomado la decisi\u00f3n de recuperar YPF&#8221;, destac\u00f3<\/strong><\/em><\/p>\n<p>&nbsp;<\/p>\n<p>&nbsp;<\/p>\n<p>El presidente de YPF, Pablo Gonz\u00e1lez, defendi\u00f3 este viernes la reestatizaci\u00f3n de la compa\u00f1\u00eda que se concret\u00f3 en 2012, sostuvo que si fuera necesario &#8220;volver\u00eda a votar&#8221; esa &#8220;gran decisi\u00f3n&#8221; y cuestion\u00f3 la actitud de la jueza de Nueva York, Loretta Preska, al se\u00f1alar que la sentencia que est\u00e1 a punto de tomar es &#8220;absolutamente injusta&#8221;.<\/p>\n<p>Gonz\u00e1lez tambi\u00e9n critic\u00f3 a dirigentes de la oposici\u00f3n, en particular al exministro de Econom\u00eda Alfonso Prat Gay y compar\u00f3 sus apreciaciones con &#8220;esos hinchas de un equipo de f\u00fatbol que festejan el gol del equipo adversario para que se vaya el t\u00e9cnico&#8221;, al tiempo que advirti\u00f3 que &#8220;el partido no termin\u00f3&#8221;.<\/p>\n<p>&#8220;Prat Gay utiliza mal la palabra &#8216;valor&#8217;, cuando habla de &#8216;precio&#8217;, que es &#8216;n&#8217; cantidad de acciones, en el caso de YPF 393 millones, por el valor de la cotizaci\u00f3n burs\u00e1til, es una foto de ese d\u00eda&#8221;, explic\u00f3 este viernes en declaraciones a Radio 10.<\/p>\n<p>Al respecto, aclar\u00f3 que &#8220;el valor de las petroleras se calcula por sus reservas&#8221;, adem\u00e1s de se\u00f1alar que &#8220;el a\u00f1o pasado YPF tuvo ingresos por US$ 18.000 millones y gastos por US$ 13.000 millones, con un Ebitda (indicador del beneficio bruto de explotaci\u00f3n) de US$ 5.000 millones&#8221;.<\/p>\n<p>&#8220;Si el fallo va a ser de US$ 5.000 millones, se puede pagar con un Ebitda anual y quedan 150 a\u00f1os de reservas de gas&#8221;, asegur\u00f3.<\/p>\n<p>Gonz\u00e1lez remarc\u00f3 que &#8220;la Argentina no hubiera tenido ninguna posibilidad de tener soberan\u00eda energ\u00e9tica si (la entonces presidenta) Cristina Fern\u00e1ndez de Kirchner, los senadores que votamos esa ley -porque yo la vot\u00e9-, Axel Kicillof que en ese momento era ministro de Econom\u00eda no hubieran tomado la decisi\u00f3n de recuperar YPF&#8221;.<\/p>\n<p>Sin esa determinaci\u00f3n, dijo, &#8220;no se hubiera desarrollado Vaca Muerta&#8221;, una tarea que comenz\u00f3 &#8220;a partir de 2013 y fue el Estado, a trav\u00e9s de YPF quien tom\u00f3 la bandera, invirti\u00f3 en la curva de aprendizaje y por eso hoy tenemos los resultados que tenemos&#8221;.<\/p>\n<p>&#8220;Aquella decisi\u00f3n, yo, que fui senador y la vot\u00e9, hoy la volver\u00eda a votar, fue una gran decisi\u00f3n&#8221;, manifest\u00f3.<\/p>\n<p>&nbsp;<\/p>\n<p><strong>Una sentencia &#8220;injusta&#8221;<\/strong><\/p>\n<p>Respecto de la sentencia, a la que calific\u00f3 de &#8220;absolutamente injusta&#8221;, indic\u00f3 que &#8220;favorece a un fondo que no tiene nada que ver con YPF, nunca invirti\u00f3 en YPF, nunca le import\u00f3 YPF&#8221;, en referencia a Bulford, del que dijo que &#8220;no es que se est\u00e1 indemnizando a alguien que sufri\u00f3 un da\u00f1o como consecuencia de una expropiaci\u00f3n&#8221;.<\/p>\n<p>&#8220;Se est\u00e1 condenando al Estado soberano&#8221;, asever\u00f3, luego de que &#8220;un fondo buitre que no tuvo ning\u00fan da\u00f1o, fue y compr\u00f3 una quiebra en Espa\u00f1a, dicen que por US$ 15 millones&#8221;, y recurri\u00f3 a &#8220;un mercado persa en Nueva York, una industria del juicio, donde una jueza resuelve una expropiaci\u00f3n en Argentina, que es un hecho soberano, una norma de orden p\u00fablico, aplicando estatutos de YPF por encima de la ley y aplicando la ley argentina&#8221;.<\/p>\n<p>Gonz\u00e1lez remarc\u00f3 que la expropiaci\u00f3n fue a trav\u00e9s de &#8220;una ley de orden p\u00fablico&#8221;, aplicada en situaciones excepcionales en las que &#8220;el derecho p\u00fablico est\u00e1 sobre el derecho privado, y los casos de expropiaci\u00f3n son unos de ellos&#8221;.<\/p>\n<p>De todos modos, advirti\u00f3 que &#8220;el partido no termin\u00f3&#8221;, ya que &#8220;tenemos que tener en cuenta que hay una c\u00e1mara de apelaciones y despu\u00e9s est\u00e1 la Corte&#8221;.<\/p>\n","protected":false},"excerpt":{"rendered":"<p>&#8220;La Argentina no hubiera tenido ninguna posibilidad de tener soberan\u00eda energ\u00e9tica si (la entonces presidenta) Cristina Fern\u00e1ndez, los senadores que votamos esa ley -porque yo la vot\u00e9-, Axel Kicillof que en ese momento era ministro de Econom\u00eda no hubieran tomado la decisi\u00f3n de recuperar YPF&#8221;, destac\u00f3 &nbsp; &nbsp; El presidente de YPF, Pablo Gonz\u00e1lez, defendi\u00f3 este viernes la reestatizaci\u00f3n de la compa\u00f1\u00eda que se concret\u00f3 en 2012, sostuvo que si fuera necesario &#8220;volver\u00eda a votar&#8221; esa &#8220;gran decisi\u00f3n&#8221; y cuestion\u00f3 la actitud de la jueza de Nueva York, Loretta Preska,&#8230;<\/p>\n","protected":false},"author":3,"featured_media":105554,"comment_status":"closed","ping_status":"closed","sticky":false,"template":"","format":"standard","meta":[],"categories":[18],"tags":[],"_links":{"self":[{"href":"https:\/\/www.actualidadadiario.com\/index.php\/wp-json\/wp\/v2\/posts\/105553"}],"collection":[{"href":"https:\/\/www.actualidadadiario.com\/index.php\/wp-json\/wp\/v2\/posts"}],"about":[{"href":"https:\/\/www.actualidadadiario.com\/index.php\/wp-json\/wp\/v2\/types\/post"}],"author":[{"embeddable":true,"href":"https:\/\/www.actualidadadiario.com\/index.php\/wp-json\/wp\/v2\/users\/3"}],"replies":[{"embeddable":true,"href":"https:\/\/www.actualidadadiario.com\/index.php\/wp-json\/wp\/v2\/comments?post=105553"}],"version-history":[{"count":1,"href":"https:\/\/www.actualidadadiario.com\/index.php\/wp-json\/wp\/v2\/posts\/105553\/revisions"}],"predecessor-version":[{"id":105555,"href":"https:\/\/www.actualidadadiario.com\/index.php\/wp-json\/wp\/v2\/posts\/105553\/revisions\/105555"}],"wp:featuredmedia":[{"embeddable":true,"href":"https:\/\/www.actualidadadiario.com\/index.php\/wp-json\/wp\/v2\/media\/105554"}],"wp:attachment":[{"href":"https:\/\/www.actualidadadiario.com\/index.php\/wp-json\/wp\/v2\/media?parent=105553"}],"wp:term":[{"taxonomy":"category","embeddable":true,"href":"https:\/\/www.actualidadadiario.com\/index.php\/wp-json\/wp\/v2\/categories?post=105553"},{"taxonomy":"post_tag","embeddable":true,"href":"https:\/\/www.actualidadadiario.com\/index.php\/wp-json\/wp\/v2\/tags?post=105553"}],"curies":[{"name":"wp","href":"https:\/\/api.w.org\/{rel}","templated":true}]}}