{"id":105551,"date":"2023-07-28T13:25:47","date_gmt":"2023-07-28T16:25:47","guid":{"rendered":"https:\/\/www.actualidadadiario.com\/?p=105551"},"modified":"2023-07-28T13:25:47","modified_gmt":"2023-07-28T16:25:47","slug":"se-reinicia-el-juicio-politico-a-la-corte-y-se-espera-la-presencia-de-la-mano-derecha-de-horacio-rosatti","status":"publish","type":"post","link":"https:\/\/www.actualidadadiario.com\/index.php\/2023\/07\/28\/se-reinicia-el-juicio-politico-a-la-corte-y-se-espera-la-presencia-de-la-mano-derecha-de-horacio-rosatti\/","title":{"rendered":"Se reinicia el Juicio Pol\u00edtico a la Corte y se espera la presencia de la mano derecha de Horacio Rosatti"},"content":{"rendered":"<p style=\"text-align: center;\"><em><strong>Tras el receso invernal, la C\u00e1mara de Diputados retoma sus actividades<\/strong><\/em><\/p>\n<p>&nbsp;<\/p>\n<p>&nbsp;<\/p>\n<p>La semana que viene retoma la actividad el Congreso de la Naci\u00f3n. Tras el receso invernal se re\u00fane la Comisi\u00f3n de Juicio Pol\u00edtico de la C\u00e1mara de Diputados que de enero lleva adelante un proceso investigativo contra los cuatro integrantes de la Corte Suprema de Justicia de la Naci\u00f3n: Horacio Rosatti, Carlos Rosenkrantz, Juan Carlos Maqueda y Ricardo Lorenzetti.<\/p>\n<p>La cita ser\u00e1 el martes a partir de las 13. Las expectativas ya est\u00e1n puestas en la posible exposici\u00f3n de Silvio Robles (director general de la vocal\u00eda de Horacio Rosatti) y de Marcelo Silvio D\u2019Alessandro (exministro de Justicia y Seguridad de CABA). Todo en el marco de la causa sobre coparticipaci\u00f3n de la Ciudad de Buenos Aires en la que se investiga si la Corte intent\u00f3 beneficiar al distrito que comanda Horacio Rodr\u00edguez Larreta. Sin dudas, el oficialismo pondr\u00e1 una mirada particular en los chats difundidos entre ambos.<\/p>\n<p>Adem\u00e1s, las citaciones tambi\u00e9n se extendieron a Alejandro Rodr\u00edguez, Secretario de Juicios Originarios de la Corte Suprema de Justicia de la Naci\u00f3n. As\u00ed como tambi\u00e9n al contador p\u00fablico Alejandro Otero, que actualmente trabaja en la AFIP, y fue el funcionario del Gobierno Nacional que expuso ante el Senado en oportunidad del tratamiento de lo que luego fue la Ley 27.606. El oficialismo quiere que Otero exponga en torno al estudio que llev\u00f3 adelante, para dar cuenta sobre los porcentajes de los que habla la norma.<\/p>\n<p>Ninguno de los testigos confirm\u00f3 su asistencia, aunque seg\u00fan se pudo saber, en principio Robles se presentar\u00eda: \u201cEst\u00e1 presionado en la Corte sobre todo por (Ricardo) Lorenzetti\u201d, dijo, un integrante de la Comisi\u00f3n. Aparentemente el exfuncionario de Larreta estar\u00eda de viaje en Europa.<\/p>\n<p>En el \u00faltimo encuentro, la presidenta del Banco Naci\u00f3n, Silvina Batakis, respondi\u00f3 preguntas de los legisladores en funci\u00f3n del rol que tuvo como secretaria de Provincias del Ministerio del Interior, entre el 10 de diciembre de 2019 al 3 de julio de 2022. El pasado 11 de julio, la funcionaria se\u00f1al\u00f3 que en el gobierno de Macri hubo una transferencia \u00abinfundada\u00bb de partidas y \u00abhubo exceso de recursos al Gobierno de la Ciudad\u00bb. Batakis, que manejaba las relaciones fiscales entre el Gobierno Nacional y las provincias explic\u00f3 que \u201cen 2016, cuando se transfiri\u00f3 la polic\u00eda, el Gobierno porte\u00f1o no ten\u00eda la posibilidad de hacer la liquidaci\u00f3n de todos los costos vinculados con esa transferencia\u201d.<\/p>\n<p>\u201cEntonces, durante todo 2016, las liquidaciones de los gastos que eran necesarios las hac\u00eda el Gobierno de la Naci\u00f3n. Es decir, por ejemplo, la liquidaci\u00f3n de los sueldos de la polic\u00eda, que representaban el 91% de las erogaciones. Est\u00e1n todos los documentos donde el Gobierno de la Ciudad le devolv\u00eda esos recursos al Nacional. Esa devoluci\u00f3n, para compensar, asciende aproximadamente en 8 mil millones de pesos\u201d, agreg\u00f3.<\/p>\n<p>Sobre la modificaci\u00f3n en el porcentaje de coparticipaci\u00f3n de la Ciudad que se realiz\u00f3 durante el macrismo, la economista apunt\u00f3 que \u201ccuando se hace la modificaci\u00f3n del decreto original de 2003 (que establec\u00eda un 1,4%) no hab\u00eda ning\u00fan fundamento para llevar la coparticipaci\u00f3n al primer n\u00famero de 3,75%\u201d.<\/p>\n<p>La comisi\u00f3n que preside la entrerriana Carolina Gaillard se meti\u00f3 en el conflicto que se origin\u00f3 en enero de 2016, cuando Macri elev\u00f3 la coparticipaci\u00f3n para la CABA del al 3.75% sin pasar por el Congreso y bajo el argumento de que deb\u00eda financiarse el traspaso de una parte de la Polic\u00eda Federal al gobierno porte\u00f1o. Cuando asumi\u00f3 a la presidencia Alberto Fern\u00e1ndez se quit\u00f3 ese 1,40% adicional de coparticipaci\u00f3n para auxiliar a Axel Kicillof en el conflicto con la Polic\u00eda Bonaerense.<\/p>\n","protected":false},"excerpt":{"rendered":"<p>Tras el receso invernal, la C\u00e1mara de Diputados retoma sus actividades &nbsp; &nbsp; La semana que viene retoma la actividad el Congreso de la Naci\u00f3n. Tras el receso invernal se re\u00fane la Comisi\u00f3n de Juicio Pol\u00edtico de la C\u00e1mara de Diputados que de enero lleva adelante un proceso investigativo contra los cuatro integrantes de la Corte Suprema de Justicia de la Naci\u00f3n: Horacio Rosatti, Carlos Rosenkrantz, Juan Carlos Maqueda y Ricardo Lorenzetti. La cita ser\u00e1 el martes a partir de las 13. Las expectativas ya est\u00e1n puestas en la posible&#8230;<\/p>\n","protected":false},"author":3,"featured_media":97029,"comment_status":"closed","ping_status":"closed","sticky":false,"template":"","format":"standard","meta":[],"categories":[18],"tags":[],"_links":{"self":[{"href":"https:\/\/www.actualidadadiario.com\/index.php\/wp-json\/wp\/v2\/posts\/105551"}],"collection":[{"href":"https:\/\/www.actualidadadiario.com\/index.php\/wp-json\/wp\/v2\/posts"}],"about":[{"href":"https:\/\/www.actualidadadiario.com\/index.php\/wp-json\/wp\/v2\/types\/post"}],"author":[{"embeddable":true,"href":"https:\/\/www.actualidadadiario.com\/index.php\/wp-json\/wp\/v2\/users\/3"}],"replies":[{"embeddable":true,"href":"https:\/\/www.actualidadadiario.com\/index.php\/wp-json\/wp\/v2\/comments?post=105551"}],"version-history":[{"count":1,"href":"https:\/\/www.actualidadadiario.com\/index.php\/wp-json\/wp\/v2\/posts\/105551\/revisions"}],"predecessor-version":[{"id":105552,"href":"https:\/\/www.actualidadadiario.com\/index.php\/wp-json\/wp\/v2\/posts\/105551\/revisions\/105552"}],"wp:featuredmedia":[{"embeddable":true,"href":"https:\/\/www.actualidadadiario.com\/index.php\/wp-json\/wp\/v2\/media\/97029"}],"wp:attachment":[{"href":"https:\/\/www.actualidadadiario.com\/index.php\/wp-json\/wp\/v2\/media?parent=105551"}],"wp:term":[{"taxonomy":"category","embeddable":true,"href":"https:\/\/www.actualidadadiario.com\/index.php\/wp-json\/wp\/v2\/categories?post=105551"},{"taxonomy":"post_tag","embeddable":true,"href":"https:\/\/www.actualidadadiario.com\/index.php\/wp-json\/wp\/v2\/tags?post=105551"}],"curies":[{"name":"wp","href":"https:\/\/api.w.org\/{rel}","templated":true}]}}