{"id":105549,"date":"2023-07-28T14:06:40","date_gmt":"2023-07-28T17:06:40","guid":{"rendered":"https:\/\/www.actualidadadiario.com\/?p=105549"},"modified":"2023-07-28T14:07:28","modified_gmt":"2023-07-28T17:07:28","slug":"bienvenido-nieto-133-abuelas-anuncio-la-recuperacion-de-otra-victima-de-la-dictadura","status":"publish","type":"post","link":"https:\/\/www.actualidadadiario.com\/index.php\/2023\/07\/28\/bienvenido-nieto-133-abuelas-anuncio-la-recuperacion-de-otra-victima-de-la-dictadura\/","title":{"rendered":"Bienvenido nieto 133: Abuelas anunci\u00f3 la recuperaci\u00f3n de otra v\u00edctima de la dictadura"},"content":{"rendered":"<p style=\"text-align: center;\"><em><strong>&#8220;Encontramos al hijo de Cristina Navajas y Julio Santucho, el nieto de N\u00e9lida&#8221;. Lo afirm\u00f3 Estela de Carlotto al anunciar la recuperaci\u00f3n de la identidad de un nuevo nieto. El acto se realiz\u00f3 en el auditorio de la Casa por la Identidad del Espacio Memoria y Derechos Humanos ex Esma. &#8220;Cada restituci\u00f3n reafirma que el pueblo argentino nos acompa\u00f1a y decide no olvidar&#8221;, destacaron<\/strong><\/em><\/p>\n<p>&nbsp;<\/p>\n<p>&nbsp;<\/p>\n<p>&nbsp;<\/p>\n<p>&#8220;Encontramos al hijo de Cristina Navajas y Julio Santucho, el nieto de la Abuela N\u00e9lida Navajas&#8221;, afirm\u00f3 Estela de Carlotto, en el comienzo del emotivo acto en el que se anuncia la recuperaci\u00f3n de la identidad del nieto 133, apropiado durante la \u00faltima dictadura c\u00edvico militar. El anuncio formal se realiz\u00f3 en el auditorio de la Casa por la Identidad del Espacio Memoria y Derechos Humanos ex Esma.<\/p>\n<p>&#8220;El trabajo de la b\u00fasqueda que hacemos las Abuelas es una tarea tan seria como necesaria. Es desde el amor, que anima a que los que saben puedan decir lo que saben y los que dudan se acerquen&#8221;, agreg\u00f3 Carlotto.<\/p>\n<p>&#8220;Con inmensa felicidad, anunciamos el encuentro del nieto 133 y convocamos a periodistas y medios de comunicaci\u00f3n a una conferencia de prensa hoy, viernes 28 de julio, a las 12.30 hs., en Casa por la Identidad, en el Espacio Memoria y Derechos Humanos (Av. Libertador 8151, CABA)&#8221;, hab\u00eda adelantado Abuelas a trav\u00e9s de un comunicado.<\/p>\n<p>La entidad defensora de los derechos humanos indici\u00f3 que &#8220;a casi 40 a\u00f1os del inicio del per\u00edodo democr\u00e1tico m\u00e1s largo de nuestra historia, seguimos buscando a nuestros nietos y nietas, todos los d\u00edas&#8221;.<\/p>\n<p>&#8220;Cada restituci\u00f3n reafirma que el pueblo argentino nos acompa\u00f1a y decide no olvidar&#8221;, se remarc\u00f3 desde Abuelas.<\/p>\n<p>Por su parte, la legisladora porte\u00f1a del Frente de Todos y nieta recuperada gracias al trabajo de Abuelas, Victoria Montenegro, confirm\u00f3 esta restituci\u00f3n de la identidad a trav\u00e9s de un mensaje publicado en las redes sociales.<\/p>\n<p>&#8220;Luchar vale la pena! Bienvenido a la verdad nieto 133&#8221;, se\u00f1al\u00f3 la legisladora a trav\u00e9s de su cuenta oficial de la red social Twitter.<\/p>\n<p>Montenegro expres\u00f3 luego, en declaraciones a la Radio AM 750, que est\u00e1n &#8220;inmensamente emocionados&#8221; y destac\u00f3 que &#8220;detr\u00e1s de este encuentro hay un equipo enorme que viene trabajando&#8221; de la Comisi\u00f3n Nacional por el Derecho a la Identidad (CONADI) y la Casa por la identidad.<\/p>\n<p>&#8220;Esto se dio en las \u00faltimas horas. Se est\u00e1 notificando a su familia. Es la emoci\u00f3n de cuarenta y pico de a\u00f1os de una vida y de repente encontrarte con tu identidad y una familia que te busc\u00f3 toda la vida. Con esta alegr\u00eda de las Abuelas y de los Nietos de seguir sembrando memoria e identidad&#8221;, remarc\u00f3 Montenegro.<\/p>\n<p>Adem\u00e1s sostuvo que este reencuentro es &#8220;la prueba viva de la importancia de la b\u00fasqueda de la Memoria, la Verdad y la Justicia&#8221; de recuperar a quien &#8220;vivi\u00f3 toda su vida con una identidad que le impuso el terrorismo de Estado&#8221;.<\/p>\n<p>&#8220;Uno escucha tantas barbaridades desde hace tiempo respecto a los derechos humanos, al curro y hay una violencia permanente. Las Abuelas vienen trabajando sostenidamente durante casi 46 a\u00f1os y desde el momento que fue secuestrado fueron a buscarlo de manera pacifica. Respondiendo al odio con organizaci\u00f3n, trabajo y una identidad nueva restituida&#8221;, remarc\u00f3 Montenegro.<\/p>\n<p>Por su parte, el secretario de Derechos Humanos, Horacio Pietragalla Corti, tambi\u00e9n nieto recuperado, celebr\u00f3 este hecho en su cuenta oficial de Twitter y convoc\u00f3 a la conferencia de prensa: &#8220;\u00a1Bienvenido nieto 133!&#8221;.<\/p>\n","protected":false},"excerpt":{"rendered":"<p>&#8220;Encontramos al hijo de Cristina Navajas y Julio Santucho, el nieto de N\u00e9lida&#8221;. Lo afirm\u00f3 Estela de Carlotto al anunciar la recuperaci\u00f3n de la identidad de un nuevo nieto. El acto se realiz\u00f3 en el auditorio de la Casa por la Identidad del Espacio Memoria y Derechos Humanos ex Esma. &#8220;Cada restituci\u00f3n reafirma que el pueblo argentino nos acompa\u00f1a y decide no olvidar&#8221;, destacaron &nbsp; &nbsp; &nbsp; &#8220;Encontramos al hijo de Cristina Navajas y Julio Santucho, el nieto de la Abuela N\u00e9lida Navajas&#8221;, afirm\u00f3 Estela de Carlotto, en el comienzo&#8230;<\/p>\n","protected":false},"author":3,"featured_media":105577,"comment_status":"closed","ping_status":"closed","sticky":false,"template":"","format":"standard","meta":[],"categories":[18],"tags":[],"_links":{"self":[{"href":"https:\/\/www.actualidadadiario.com\/index.php\/wp-json\/wp\/v2\/posts\/105549"}],"collection":[{"href":"https:\/\/www.actualidadadiario.com\/index.php\/wp-json\/wp\/v2\/posts"}],"about":[{"href":"https:\/\/www.actualidadadiario.com\/index.php\/wp-json\/wp\/v2\/types\/post"}],"author":[{"embeddable":true,"href":"https:\/\/www.actualidadadiario.com\/index.php\/wp-json\/wp\/v2\/users\/3"}],"replies":[{"embeddable":true,"href":"https:\/\/www.actualidadadiario.com\/index.php\/wp-json\/wp\/v2\/comments?post=105549"}],"version-history":[{"count":3,"href":"https:\/\/www.actualidadadiario.com\/index.php\/wp-json\/wp\/v2\/posts\/105549\/revisions"}],"predecessor-version":[{"id":105578,"href":"https:\/\/www.actualidadadiario.com\/index.php\/wp-json\/wp\/v2\/posts\/105549\/revisions\/105578"}],"wp:featuredmedia":[{"embeddable":true,"href":"https:\/\/www.actualidadadiario.com\/index.php\/wp-json\/wp\/v2\/media\/105577"}],"wp:attachment":[{"href":"https:\/\/www.actualidadadiario.com\/index.php\/wp-json\/wp\/v2\/media?parent=105549"}],"wp:term":[{"taxonomy":"category","embeddable":true,"href":"https:\/\/www.actualidadadiario.com\/index.php\/wp-json\/wp\/v2\/categories?post=105549"},{"taxonomy":"post_tag","embeddable":true,"href":"https:\/\/www.actualidadadiario.com\/index.php\/wp-json\/wp\/v2\/tags?post=105549"}],"curies":[{"name":"wp","href":"https:\/\/api.w.org\/{rel}","templated":true}]}}