{"id":105547,"date":"2023-07-28T13:23:33","date_gmt":"2023-07-28T16:23:33","guid":{"rendered":"https:\/\/www.actualidadadiario.com\/?p=105547"},"modified":"2023-07-28T13:23:33","modified_gmt":"2023-07-28T16:23:33","slug":"raid-electoral-a-dos-semanas-de-las-paso-sergio-massa-visita-san-juan-y-la-rioja","status":"publish","type":"post","link":"https:\/\/www.actualidadadiario.com\/index.php\/2023\/07\/28\/raid-electoral-a-dos-semanas-de-las-paso-sergio-massa-visita-san-juan-y-la-rioja\/","title":{"rendered":"Raid electoral a dos semanas de las PASO: Sergio Massa visita San Juan y La Rioja"},"content":{"rendered":"<p style=\"text-align: center;\"><em><strong>La f\u00f3rmula de Uni\u00f3n por la Patria recorrer\u00e1 obras y participar\u00e1 de un acto con dirigentes locales sanjuaninos. A la tarde compartir\u00e1n actividades de campa\u00f1a en La Rioja. El s\u00e1bado estar\u00e1n en Tucum\u00e1n y en La Matanza<\/strong><\/em><\/p>\n<p>&nbsp;<\/p>\n<p>&nbsp;<\/p>\n<p>La f\u00f3rmula presidencial de Uni\u00f3n por la Patria, integrada por Sergio Massa y Agust\u00edn Rossi, arribaron anoche a la provincia de San Juan donde fueron recibidos por el gobernador y precandidato a senador, Sergio U\u00f1ac, en la Casa de Gobierno provincial. Este viernes tienen prevista una agenda muy movida en suelo sanjuanino, y luego se trasladar\u00e1n a La Rioja.<\/p>\n<p>Es la segunda visita a una provincia del norte que realiza esta semana, y que se extender\u00e1 adem\u00e1s a Tucum\u00e1n y La Rioja. El raid de campa\u00f1a terminar\u00e1 el s\u00e1bado con una caravana en La Matanza junto al gobernador Axel Kicillof.<\/p>\n<p>Con Massa y Rossi se sumaron el ministro del Interior, Wado De Pedro; el secretario general de la CGT, H\u00e9ctor Daer; el secretario de Industria, Jos\u00e9 de Mendiguren, y de Desarrollo Productivo del Ministerio de Econom\u00eda; Juli\u00e1n Dom\u00ednguez.<\/p>\n<p>La agenda de hoy comenzar\u00e1 con una visita a la obra hidroel\u00e9ctrica El Tambolar, y luego asistir\u00e1n a un acto en el estadio deportivo de UPCN en el departamento Rawson junto a intendentes; diputados; concejales, vecinos y militancia. Los \u00fanicos oradores principales ser\u00e1n U\u00f1ac y Massa.<\/p>\n<p>El gobernador de San Juan quiso reelegir en su provincia pero fue impedido por un fallo de la Corte Suprema y su hermano, Rub\u00e9n, termin\u00f3 encabezando la lista que finalmente perdi\u00f3 frente al candidato de Juntos por el Cambio, Marcelo Orrego.<\/p>\n<p>La visita a la provincia buscar\u00e1 no s\u00f3lo apoyar a U\u00f1ac, ahora en su candidatura como senador provincial, sino que ir\u00e1n por el voto peronista de la regi\u00f3n del Norte. Desde la estrategia electoral, la dupla presidencial apostar\u00e1 al protagonismo de los gobernadores en la campa\u00f1a. El viaje federal servir\u00e1 para &#8220;la convocatoria a los distintos sectores productivos del pa\u00eds&#8221; donde mantendr\u00e1n encuentros con productos y empresarios.<\/p>\n<p>Por la tarde, Massa y Rossi viajar\u00e1n a La Rioja donde recorrer\u00e1n la planta Industrial PUMA, en Parque Industrial, junto a trabajadores; y finalmente asistir\u00e1n a un acto en el Superdomo, junto al gobernador reelecto, Ricardo Quintela.<\/p>\n<p>El s\u00e1bado ser\u00e1 el turno de Tucum\u00e1n, donde har\u00e1n una recorrida con trabajadores y compartir\u00e1n otro acto junto el gobernador Juan Manzur y el mandatario electo Osvaldo Jaldo. De regreso de la gira en el Norte Grandes, Massa volver\u00e1 a hacer pie en el conurbano y participar\u00e1 de una caravana con el gobernador provincial, Axel Kicillof, en la localidad de La Matanza.<\/p>\n<p>Los candidatos de Uni\u00f3n por la Patria calientan los motores en la \u00faltima etapa de la campa\u00f1a electoral rumbo a las PASO del 13 de agosto; mientras Massa se divide con su rol de ministro de Econom\u00eda. Desde los equipos del precandidato planifican el acto de cierre aunque a\u00fan sin definici\u00f3n del lugar; mientras que Kicillof espera que definan si har\u00e1n una presentaci\u00f3n conjunta en la provincia de Buenos Aires.<\/p>\n","protected":false},"excerpt":{"rendered":"<p>La f\u00f3rmula de Uni\u00f3n por la Patria recorrer\u00e1 obras y participar\u00e1 de un acto con dirigentes locales sanjuaninos. A la tarde compartir\u00e1n actividades de campa\u00f1a en La Rioja. El s\u00e1bado estar\u00e1n en Tucum\u00e1n y en La Matanza &nbsp; &nbsp; La f\u00f3rmula presidencial de Uni\u00f3n por la Patria, integrada por Sergio Massa y Agust\u00edn Rossi, arribaron anoche a la provincia de San Juan donde fueron recibidos por el gobernador y precandidato a senador, Sergio U\u00f1ac, en la Casa de Gobierno provincial. Este viernes tienen prevista una agenda muy movida en suelo&#8230;<\/p>\n","protected":false},"author":3,"featured_media":104815,"comment_status":"closed","ping_status":"closed","sticky":false,"template":"","format":"standard","meta":[],"categories":[18],"tags":[],"_links":{"self":[{"href":"https:\/\/www.actualidadadiario.com\/index.php\/wp-json\/wp\/v2\/posts\/105547"}],"collection":[{"href":"https:\/\/www.actualidadadiario.com\/index.php\/wp-json\/wp\/v2\/posts"}],"about":[{"href":"https:\/\/www.actualidadadiario.com\/index.php\/wp-json\/wp\/v2\/types\/post"}],"author":[{"embeddable":true,"href":"https:\/\/www.actualidadadiario.com\/index.php\/wp-json\/wp\/v2\/users\/3"}],"replies":[{"embeddable":true,"href":"https:\/\/www.actualidadadiario.com\/index.php\/wp-json\/wp\/v2\/comments?post=105547"}],"version-history":[{"count":1,"href":"https:\/\/www.actualidadadiario.com\/index.php\/wp-json\/wp\/v2\/posts\/105547\/revisions"}],"predecessor-version":[{"id":105548,"href":"https:\/\/www.actualidadadiario.com\/index.php\/wp-json\/wp\/v2\/posts\/105547\/revisions\/105548"}],"wp:featuredmedia":[{"embeddable":true,"href":"https:\/\/www.actualidadadiario.com\/index.php\/wp-json\/wp\/v2\/media\/104815"}],"wp:attachment":[{"href":"https:\/\/www.actualidadadiario.com\/index.php\/wp-json\/wp\/v2\/media?parent=105547"}],"wp:term":[{"taxonomy":"category","embeddable":true,"href":"https:\/\/www.actualidadadiario.com\/index.php\/wp-json\/wp\/v2\/categories?post=105547"},{"taxonomy":"post_tag","embeddable":true,"href":"https:\/\/www.actualidadadiario.com\/index.php\/wp-json\/wp\/v2\/tags?post=105547"}],"curies":[{"name":"wp","href":"https:\/\/api.w.org\/{rel}","templated":true}]}}