{"id":105541,"date":"2023-07-28T13:18:30","date_gmt":"2023-07-28T16:18:30","guid":{"rendered":"https:\/\/www.actualidadadiario.com\/?p=105541"},"modified":"2023-07-28T13:18:30","modified_gmt":"2023-07-28T16:18:30","slug":"alerta-naranja-por-lluvia-y-viento-cuales-son-las-provincias-afectadas","status":"publish","type":"post","link":"https:\/\/www.actualidadadiario.com\/index.php\/2023\/07\/28\/alerta-naranja-por-lluvia-y-viento-cuales-son-las-provincias-afectadas\/","title":{"rendered":"Alerta naranja por lluvia y viento: \u00bfcu\u00e1les son las provincias afectadas?"},"content":{"rendered":"<p style=\"text-align: center;\"><em><strong>El Sistema de Alerta Temprana del Servicio Meteorol\u00f3gico Nacional advirti\u00f3 a m\u00e1s de dos provincias este viernes. Conoc\u00e9 c\u00f3mo estar\u00e1 el clima<\/strong><\/em><\/p>\n<p>&nbsp;<\/p>\n<p>&nbsp;<\/p>\n<p>El Servicio Meteorol\u00f3gico Nacional (SMN) lanz\u00f3 una alerta naranja por lluvias que &#8220;puede ser peligrosos para la sociedad, la vida, los bienes y el medio ambiente&#8221;. Adem\u00e1s, emiti\u00f3 una alerta amarilla por vientos que podr\u00edan interrumpir moment\u00e1neamente las actividades cotidianas.<\/p>\n<p>La provincia de Chubut, R\u00edo Negro y Santa Cruz podr\u00edan registrar fen\u00f3menos meteorol\u00f3gicos con capacidad de da\u00f1o. En tanto, en estos mismos territorios est\u00e1n bajo alerta por sus lluvias intensas.<\/p>\n","protected":false},"excerpt":{"rendered":"<p>El Sistema de Alerta Temprana del Servicio Meteorol\u00f3gico Nacional advirti\u00f3 a m\u00e1s de dos provincias este viernes. Conoc\u00e9 c\u00f3mo estar\u00e1 el clima &nbsp; &nbsp; El Servicio Meteorol\u00f3gico Nacional (SMN) lanz\u00f3 una alerta naranja por lluvias que &#8220;puede ser peligrosos para la sociedad, la vida, los bienes y el medio ambiente&#8221;. Adem\u00e1s, emiti\u00f3 una alerta amarilla por vientos que podr\u00edan interrumpir moment\u00e1neamente las actividades cotidianas. La provincia de Chubut, R\u00edo Negro y Santa Cruz podr\u00edan registrar fen\u00f3menos meteorol\u00f3gicos con capacidad de da\u00f1o. En tanto, en estos mismos territorios est\u00e1n bajo alerta&#8230;<\/p>\n","protected":false},"author":3,"featured_media":99424,"comment_status":"closed","ping_status":"closed","sticky":false,"template":"","format":"standard","meta":[],"categories":[2],"tags":[],"_links":{"self":[{"href":"https:\/\/www.actualidadadiario.com\/index.php\/wp-json\/wp\/v2\/posts\/105541"}],"collection":[{"href":"https:\/\/www.actualidadadiario.com\/index.php\/wp-json\/wp\/v2\/posts"}],"about":[{"href":"https:\/\/www.actualidadadiario.com\/index.php\/wp-json\/wp\/v2\/types\/post"}],"author":[{"embeddable":true,"href":"https:\/\/www.actualidadadiario.com\/index.php\/wp-json\/wp\/v2\/users\/3"}],"replies":[{"embeddable":true,"href":"https:\/\/www.actualidadadiario.com\/index.php\/wp-json\/wp\/v2\/comments?post=105541"}],"version-history":[{"count":1,"href":"https:\/\/www.actualidadadiario.com\/index.php\/wp-json\/wp\/v2\/posts\/105541\/revisions"}],"predecessor-version":[{"id":105542,"href":"https:\/\/www.actualidadadiario.com\/index.php\/wp-json\/wp\/v2\/posts\/105541\/revisions\/105542"}],"wp:featuredmedia":[{"embeddable":true,"href":"https:\/\/www.actualidadadiario.com\/index.php\/wp-json\/wp\/v2\/media\/99424"}],"wp:attachment":[{"href":"https:\/\/www.actualidadadiario.com\/index.php\/wp-json\/wp\/v2\/media?parent=105541"}],"wp:term":[{"taxonomy":"category","embeddable":true,"href":"https:\/\/www.actualidadadiario.com\/index.php\/wp-json\/wp\/v2\/categories?post=105541"},{"taxonomy":"post_tag","embeddable":true,"href":"https:\/\/www.actualidadadiario.com\/index.php\/wp-json\/wp\/v2\/tags?post=105541"}],"curies":[{"name":"wp","href":"https:\/\/api.w.org\/{rel}","templated":true}]}}