{"id":105520,"date":"2023-07-28T11:21:30","date_gmt":"2023-07-28T14:21:30","guid":{"rendered":"https:\/\/www.actualidadadiario.com\/?p=105520"},"modified":"2023-07-28T11:21:51","modified_gmt":"2023-07-28T14:21:51","slug":"en-viale-frigerio-larreta-y-morales-presentaron-sus-propuestas-para-impulsar-el-desarrollo-industrial","status":"publish","type":"post","link":"https:\/\/www.actualidadadiario.com\/index.php\/2023\/07\/28\/en-viale-frigerio-larreta-y-morales-presentaron-sus-propuestas-para-impulsar-el-desarrollo-industrial\/","title":{"rendered":"En Viale Frigerio, Larreta y Morales presentaron sus propuestas para impulsar el desarrollo industrial"},"content":{"rendered":"<p style=\"text-align: center;\"><em><strong>A modo de conferencia de prensa, el precandidato a gobernador apunt\u00f3 a \u201cla falta de trabajo\u201d, como principal punto\u00a0 entre otros de los que trabajar\u00e1 en caso de ser electo. Mientras que el precandidato a Presidente, Larreta, describi\u00f3 las diez propuestas y se refiri\u00f3 a la interna con Bullrich. Por su parte, Morales \u201clament\u00f3\u201d el no acompa\u00f1amiento de Galimberti a la f\u00f3rmula presidencial y destaco la formaci\u00f3n de \u201cun espacio compuesto por la mayor\u00eda del radicalismo territorial y del Pro\u201d<\/strong><\/em><\/p>\n<p>&nbsp;<\/p>\n<p>&nbsp;<\/p>\n<p>Este jueves, en el Parque Industrial de Viale estuvieron presentes Rogelio Frigerio, Horacio Rodr\u00edguez Larreta y Gerardo Morales, integrantes y precandidatos de Juntos por el Cambio,\u00a0 realizando un recorrido por una planta av\u00edcola y luego brindaron una conferencia de prensa.<\/p>\n<p>El precandidato a Gobernador indic\u00f3 que su principal preocupaci\u00f3n \u201ces la falta de trabajo\u201d. Asimismo, agreg\u00f3: \u201cTenemos un enorme potencial dormido en Entre R\u00edos, necesitamos rumbear para el lado que\u00a0 marca nuestra historia y nuestro ADN\u00a0 que tiene que ver con el trabajo,\u00a0 el esfuerzo, la cultura del trabajo, el orden, el m\u00e9rito y la educaci\u00f3n\u201d. Para llevarlo a cabo, Frigerio se\u00f1al\u00f3 que \u201chay muchas de estas pol\u00edticas que vamos a implementar en nuestra provincia que tienen que tener una coordinaci\u00f3n y un mismo sentido con las pol\u00edticas nacionales\u201d.<\/p>\n<p>Por otra parte, manifest\u00f3 que en la provincia \u201ctenemos un sobre costo de la energ\u00eda por los impuestos que van adosados a la boleta que recibimos los entrerrianos\u201d. Por lo que propuso \u201cbajar y eliminar los impuestos provinciales y acordar con los intendentes una reducci\u00f3n de las tazas que encarecen el costo de la energ\u00eda\u201d. Adem\u00e1s dijo que \u201cparad\u00f3jicamente somos productores de energ\u00eda, tenemos Salto Grande y le vendemos al sistema interconectado la energ\u00eda pr\u00e1cticamente a la mitad de lo que la compramos. Esto no puede seguir as\u00ed\u201d.<\/p>\n<p>Por \u00faltimo, se refiri\u00f3 a dos cuestiones: el alivio fiscal y la conectividad f\u00edsica. Con respecto al primer punto, anticip\u00f3 que retomaran \u201cel consenso fiscal del 2017 que fue una muy buena iniciativa que lamentablemente en el 2020 se par\u00f3 y tambi\u00e9n necesitamos un acuerdo con los intendentes de la provincia para hacerlo propio a nivel de los impuestos locales&#8221;.<\/p>\n<p>Mientras que lo referido a obras de\u00a0 conectividad, \u201ctransformaremos a la Ruta 12 en Autov\u00eda; agregar una v\u00eda m\u00e1s a la conectividad en el complejo Rosario \u2013 Victoria y la creaci\u00f3n de un puente que una a Paran\u00e1 con Santa Fe porque ya pas\u00f3 mucho tiempo de la idea\u00a0 de conectarnos a trav\u00e9s del t\u00fanel subfluvial\u201d.<\/p>\n<p>&nbsp;<\/p>\n<p><strong>Morales: \u201cHemos coincidido en formar un espacio m\u00e1s amplio, que excede al Radicalismo y al Pro\u201d<\/strong><\/p>\n<p>El precandidato a vicepresidente fue consultado sobre el cambio de opini\u00f3n con respecto a su \u00faltima visita a la provincia ya que en ese entonces anuncio que Pedro Galimberti ser\u00eda candidato a gobernador.<\/p>\n<p>Ante ello, el actual gobernador de Jujuy dijo que \u201cHan pasado cosas despu\u00e9s aquella \u00faltima visita. Hemos iniciado ya hace un a\u00f1o un proceso de\u00a0 trabajo con los equipos t\u00e9cnicos de Horacio\u00a0 y los equipos que tenemos en el radicalismo y creado un espacio m\u00e1s amplio que excede al Radicalismo y al Pro\u201d.<\/p>\n<p>Entre otros de los candidatos que de acuerdo a Morales forman parte del mismo espacio, mencion\u00f3 a \u201cla Coalici\u00f3n C\u00edvica con Lilita Carrio de candidata, Miguel Pichetto con todo el peronismo\u00a0 republicano, esta Jos\u00e9 Luis Spert con Avanza Libertad, esta Cintia Hotton,<\/p>\n<p>\u201cLamento que no pueda estar acompa\u00f1ando. Hemos tomado una decisi\u00f3n colectiva de una mayor\u00eda del radicalismo acompa\u00f1ando a Rogelio Frigerio que va a ser el pr\u00f3ximo Gobernador de Entre R\u00edos y apoyo la ocasi\u00f3n para convocar a todos en esta direcci\u00f3n de apoyar a Rogelio y a Horacio en este desaf\u00edo que tenemos para transformar Entre R\u00edos\u00a0 y la Rep\u00fablica Argentina\u00a0 con un radicalismo m\u00e1s duro que nunca\u201d, sostuvo firme Morales.<\/p>\n<p>&nbsp;<\/p>\n<p><strong>Larreta: \u201cJam\u00e1s me van a encontrar\u00a0 agrediendo a alguien de Juntos por el Cambio porque para m\u00ed la unidad es todo\u201d<\/strong><\/p>\n<p>Sobre la interna con Patricia Bullrich, la otra precandidata del partido, Larreta a modo de cerrar la \u201cgrieta\u201d indic\u00f3 que \u201cla unidad es todo\u201d.<\/p>\n<p>Adem\u00e1s de presentar diez propuestas nacionales en caso de asumir como Presidente de la Naci\u00f3n, consider\u00f3 que el punto clave es \u201csacar este pa\u00eds adelante es ganarle al Kirchnerismo\u00a0 y as\u00ed poder\u00a0 bajar la inflaci\u00f3n, recuperar el salario real , abrir mercados para que se exporte m\u00e1s y para eso tenemos que estar juntos\u201d.<\/p>\n","protected":false},"excerpt":{"rendered":"<p>A modo de conferencia de prensa, el precandidato a gobernador apunt\u00f3 a \u201cla falta de trabajo\u201d, como principal punto\u00a0 entre otros de los que trabajar\u00e1 en caso de ser electo. Mientras que el precandidato a Presidente, Larreta, describi\u00f3 las diez propuestas y se refiri\u00f3 a la interna con Bullrich. Por su parte, Morales \u201clament\u00f3\u201d el no acompa\u00f1amiento de Galimberti a la f\u00f3rmula presidencial y destaco la formaci\u00f3n de \u201cun espacio compuesto por la mayor\u00eda del radicalismo territorial y del Pro\u201d &nbsp; &nbsp; Este jueves, en el Parque Industrial de Viale&#8230;<\/p>\n","protected":false},"author":3,"featured_media":105521,"comment_status":"closed","ping_status":"closed","sticky":false,"template":"","format":"standard","meta":[],"categories":[15],"tags":[],"_links":{"self":[{"href":"https:\/\/www.actualidadadiario.com\/index.php\/wp-json\/wp\/v2\/posts\/105520"}],"collection":[{"href":"https:\/\/www.actualidadadiario.com\/index.php\/wp-json\/wp\/v2\/posts"}],"about":[{"href":"https:\/\/www.actualidadadiario.com\/index.php\/wp-json\/wp\/v2\/types\/post"}],"author":[{"embeddable":true,"href":"https:\/\/www.actualidadadiario.com\/index.php\/wp-json\/wp\/v2\/users\/3"}],"replies":[{"embeddable":true,"href":"https:\/\/www.actualidadadiario.com\/index.php\/wp-json\/wp\/v2\/comments?post=105520"}],"version-history":[{"count":2,"href":"https:\/\/www.actualidadadiario.com\/index.php\/wp-json\/wp\/v2\/posts\/105520\/revisions"}],"predecessor-version":[{"id":105523,"href":"https:\/\/www.actualidadadiario.com\/index.php\/wp-json\/wp\/v2\/posts\/105520\/revisions\/105523"}],"wp:featuredmedia":[{"embeddable":true,"href":"https:\/\/www.actualidadadiario.com\/index.php\/wp-json\/wp\/v2\/media\/105521"}],"wp:attachment":[{"href":"https:\/\/www.actualidadadiario.com\/index.php\/wp-json\/wp\/v2\/media?parent=105520"}],"wp:term":[{"taxonomy":"category","embeddable":true,"href":"https:\/\/www.actualidadadiario.com\/index.php\/wp-json\/wp\/v2\/categories?post=105520"},{"taxonomy":"post_tag","embeddable":true,"href":"https:\/\/www.actualidadadiario.com\/index.php\/wp-json\/wp\/v2\/tags?post=105520"}],"curies":[{"name":"wp","href":"https:\/\/api.w.org\/{rel}","templated":true}]}}