{"id":105517,"date":"2023-07-28T11:20:40","date_gmt":"2023-07-28T14:20:40","guid":{"rendered":"https:\/\/www.actualidadadiario.com\/?p=105517"},"modified":"2023-07-28T11:20:40","modified_gmt":"2023-07-28T14:20:40","slug":"bahl-afirmo-que-en-estas-elecciones-se-ponen-en-juego-los-intereses-y-el-futuro-de-la-provincia","status":"publish","type":"post","link":"https:\/\/www.actualidadadiario.com\/index.php\/2023\/07\/28\/bahl-afirmo-que-en-estas-elecciones-se-ponen-en-juego-los-intereses-y-el-futuro-de-la-provincia\/","title":{"rendered":"Bahl afirm\u00f3 que en estas elecciones \u201cse ponen en juego los intereses y el futuro de la provincia\u201d"},"content":{"rendered":"<p style=\"text-align: center;\"><em><strong>El precandidato a Gobernador por M\u00e1s para Entre R\u00edos, Ad\u00e1n Bahl, convoc\u00f3 a los precandidatos de todo el departamento Diamante. \u201cEstamos preparados y tenemos la experiencia necesaria para que en Entre R\u00edos haya m\u00e1s oportunidades y desarrollo\u201d, sostuvo<\/strong><\/em><\/p>\n<p>&nbsp;<\/p>\n<p>&nbsp;<\/p>\n<p>\u201cEstamos orgullosos de representar la unidad del peronismo entrerriano\u201d.<\/p>\n<p>Tras resaltar la unidad del peronismo entrerriano,\u00a0 Bahl dijo que \u201cincluso en los casos donde nuestro espacio pol\u00edtico tiene internas, se est\u00e1n debatiendo ideas, sin agravios, respetando esta herramienta democr\u00e1tica. Podemos encontrarnos ac\u00e1 hoy porque el proyecto es uno solo: que Entre R\u00edos pueda dar un salto de calidad\u201d.<\/p>\n<p>\u201cNo venimos a improvisar, estamos preparados y tenemos la experiencia necesaria para que en Entre R\u00edos haya m\u00e1s oportunidades y desarrollo\u201d, afirm\u00f3 luego y valor\u00f3 la plataforma que deja el gobernador Gustavo Bordet: \u201cUna provincia ordenada y en marcha, con obras y soluciones concretas en cada localidad\u201d.<\/p>\n<p>En ese sentido, convoc\u00f3 a \u201ccompartir con los vecinos el orgullo por lo que somos y lo que hemos logrado, y esta chance hist\u00f3rica para que cada localidad desarrolle su potencial, acompa\u00f1ando a quienes producen, a los emprendedores, con m\u00e1s y mejor educaci\u00f3n y salud para los entrerrianos y las entrerrianas, invirtiendo en m\u00e1s infraestructura, desarrollando la econom\u00eda del conocimiento y las energ\u00edas renovables\u201d.<\/p>\n<p>\u201cSomos personas simples, pragm\u00e1ticas. No prometemos soluciones m\u00e1gicas sino trabajo y compromiso, planificaci\u00f3n con inteligencia, orden y responsabilidad\u201d, agreg\u00f3 Bahl y finaliz\u00f3: \u201cPara amar la provincia y conocerla hay que vivir ac\u00e1, y nosotros nacimos y vivimos ac\u00e1. Somos entrerrianos y queremos m\u00e1s para Entre R\u00edos\u201d.<\/p>\n<p>Junto a Bahl estuvieron su compa\u00f1era de f\u00f3rmula, Claudia Monjo; el diputado provincial, Jorge C\u00e1ceres; los precandidatos a Senador titular y suplente del departamento Diamante, Miguel Kremer y Carina Reh; las precandidatas a diputadas Silvina Decco y Carina Dom\u00ednguez; y los precandidatos a intendente y vice de Villa Libertador San Mart\u00edn, Fernando Tortella y Mariel Maier.<\/p>\n<p>Monjo valor\u00f3 el protagonismo de las mujeres en la pol\u00edtica, y dijo que \u201chay bases s\u00f3lidas para que podamos seguir transformando Entre R\u00edos con Beto (Bahl), que es un gran trabajador, con experiencia y conocimiento\u201d. Luego concluy\u00f3: \u201cSepan que van a encontrar en nosotros a dos personas amigas y a un Estado provincial presente en cada una de sus localidades, gestionando y trabajando a la par\u201d.<\/p>\n<p>Fernando Tortella remarc\u00f3 que Bahl \u201csiempre acompa\u00f1\u00f3 a Villa Libertador San Mart\u00edn y entre muchas otras gestiones, cuando era vicegobernador, inici\u00f3 capacitaciones legislativas apostando a dar m\u00e1s herramientas para la gesti\u00f3n; ah\u00ed me form\u00e9 y hoy tengo el orgullo de ser concejal y presentar proyectos para mejorar la vida de nuestros vecinos\u201d.<\/p>\n<p>Miguel Kremer, en tanto, agradeci\u00f3 el acompa\u00f1amiento y dijo que \u201cnos mueve un inter\u00e9s colectivo por desarrollarnos, trabajando en equipo, para que Ad\u00e1n Bahl sea nuestro pr\u00f3ximo gobernador y pueda transformar la provincia como transform\u00f3 Paran\u00e1\u201d.<\/p>\n","protected":false},"excerpt":{"rendered":"<p>El precandidato a Gobernador por M\u00e1s para Entre R\u00edos, Ad\u00e1n Bahl, convoc\u00f3 a los precandidatos de todo el departamento Diamante. \u201cEstamos preparados y tenemos la experiencia necesaria para que en Entre R\u00edos haya m\u00e1s oportunidades y desarrollo\u201d, sostuvo &nbsp; &nbsp; \u201cEstamos orgullosos de representar la unidad del peronismo entrerriano\u201d. Tras resaltar la unidad del peronismo entrerriano,\u00a0 Bahl dijo que \u201cincluso en los casos donde nuestro espacio pol\u00edtico tiene internas, se est\u00e1n debatiendo ideas, sin agravios, respetando esta herramienta democr\u00e1tica. Podemos encontrarnos ac\u00e1 hoy porque el proyecto es uno solo: que&#8230;<\/p>\n","protected":false},"author":3,"featured_media":105518,"comment_status":"closed","ping_status":"closed","sticky":false,"template":"","format":"standard","meta":[],"categories":[15],"tags":[],"_links":{"self":[{"href":"https:\/\/www.actualidadadiario.com\/index.php\/wp-json\/wp\/v2\/posts\/105517"}],"collection":[{"href":"https:\/\/www.actualidadadiario.com\/index.php\/wp-json\/wp\/v2\/posts"}],"about":[{"href":"https:\/\/www.actualidadadiario.com\/index.php\/wp-json\/wp\/v2\/types\/post"}],"author":[{"embeddable":true,"href":"https:\/\/www.actualidadadiario.com\/index.php\/wp-json\/wp\/v2\/users\/3"}],"replies":[{"embeddable":true,"href":"https:\/\/www.actualidadadiario.com\/index.php\/wp-json\/wp\/v2\/comments?post=105517"}],"version-history":[{"count":1,"href":"https:\/\/www.actualidadadiario.com\/index.php\/wp-json\/wp\/v2\/posts\/105517\/revisions"}],"predecessor-version":[{"id":105519,"href":"https:\/\/www.actualidadadiario.com\/index.php\/wp-json\/wp\/v2\/posts\/105517\/revisions\/105519"}],"wp:featuredmedia":[{"embeddable":true,"href":"https:\/\/www.actualidadadiario.com\/index.php\/wp-json\/wp\/v2\/media\/105518"}],"wp:attachment":[{"href":"https:\/\/www.actualidadadiario.com\/index.php\/wp-json\/wp\/v2\/media?parent=105517"}],"wp:term":[{"taxonomy":"category","embeddable":true,"href":"https:\/\/www.actualidadadiario.com\/index.php\/wp-json\/wp\/v2\/categories?post=105517"},{"taxonomy":"post_tag","embeddable":true,"href":"https:\/\/www.actualidadadiario.com\/index.php\/wp-json\/wp\/v2\/tags?post=105517"}],"curies":[{"name":"wp","href":"https:\/\/api.w.org\/{rel}","templated":true}]}}