{"id":105512,"date":"2023-07-28T11:18:47","date_gmt":"2023-07-28T14:18:47","guid":{"rendered":"https:\/\/www.actualidadadiario.com\/?p=105512"},"modified":"2023-07-28T11:18:47","modified_gmt":"2023-07-28T14:18:47","slug":"advierten-un-aumento-de-las-internaciones-por-gripe-en-entre-rios-2","status":"publish","type":"post","link":"https:\/\/www.actualidadadiario.com\/index.php\/2023\/07\/28\/advierten-un-aumento-de-las-internaciones-por-gripe-en-entre-rios-2\/","title":{"rendered":"Advierten un aumento de las internaciones por gripe en Entre R\u00edos"},"content":{"rendered":"<p style=\"text-align: center;\"><em><strong>El director general de Epidemiolog\u00eda del Ministerio de Salud de Entre R\u00edos, Diego Garcilazo, se refiri\u00f3 al desarrollo de la campa\u00f1a de vacunaci\u00f3n antigripal que se lleva adelante en la provincia de Entre R\u00edos. En ese marco, desde el organismo provincial se confirm\u00f3 un incremento en el n\u00famero de internaciones por casos de gripe<\/strong><\/em><\/p>\n<p>&nbsp;<\/p>\n<p>&nbsp;<\/p>\n<p>\u201cSe comenz\u00f3 a inocular en marzo y se contin\u00faa hasta diciembre. El principal efecto de la vacuna es evitar complicaciones en la internaci\u00f3n. Desde el punto de vista de la salud p\u00fablica, observamos que si la mayor\u00eda de la gente se vacuna disminuyen las internaciones, por eso se apunta a los grupos de riesgo\u201d, dijo.<\/p>\n<p>Asimismo, indic\u00f3 que en las \u00faltimas semanas se evidencia un aumento de internaciones por los cuadros gripales y record\u00f3 que la poblaci\u00f3n que debe inocularse son los ni\u00f1os de 6 a 24 meses, mayores de 65 a\u00f1os, embarazadas y pu\u00e9rperas, y aquellas personas que tengan enfermedades concomitantes.<\/p>\n<p>Por otra parte, el funcionario indic\u00f3 que se contin\u00faan registrando casos de Covid-19 por lo que recomend\u00f3 seguir vacun\u00e1ndose una vez por a\u00f1o y, en el caso de los grupos de riesgo, cada seis meses. En esta l\u00ednea aclar\u00f3 que \u201cno hay un n\u00famero de dosis con el que se est\u00e9 cubierto para toda la vida, sino que hay que actualizarlo porque en el caso del Covid bajan las defensas mientras que el virus de la gripe va mutando, por lo que la vacuna que se aplica cambia todos los a\u00f1os\u201d, finaliz\u00f3.<\/p>\n","protected":false},"excerpt":{"rendered":"<p>El director general de Epidemiolog\u00eda del Ministerio de Salud de Entre R\u00edos, Diego Garcilazo, se refiri\u00f3 al desarrollo de la campa\u00f1a de vacunaci\u00f3n antigripal que se lleva adelante en la provincia de Entre R\u00edos. En ese marco, desde el organismo provincial se confirm\u00f3 un incremento en el n\u00famero de internaciones por casos de gripe &nbsp; &nbsp; \u201cSe comenz\u00f3 a inocular en marzo y se contin\u00faa hasta diciembre. El principal efecto de la vacuna es evitar complicaciones en la internaci\u00f3n. Desde el punto de vista de la salud p\u00fablica, observamos que&#8230;<\/p>\n","protected":false},"author":3,"featured_media":103349,"comment_status":"closed","ping_status":"closed","sticky":false,"template":"","format":"standard","meta":[],"categories":[9,15],"tags":[],"_links":{"self":[{"href":"https:\/\/www.actualidadadiario.com\/index.php\/wp-json\/wp\/v2\/posts\/105512"}],"collection":[{"href":"https:\/\/www.actualidadadiario.com\/index.php\/wp-json\/wp\/v2\/posts"}],"about":[{"href":"https:\/\/www.actualidadadiario.com\/index.php\/wp-json\/wp\/v2\/types\/post"}],"author":[{"embeddable":true,"href":"https:\/\/www.actualidadadiario.com\/index.php\/wp-json\/wp\/v2\/users\/3"}],"replies":[{"embeddable":true,"href":"https:\/\/www.actualidadadiario.com\/index.php\/wp-json\/wp\/v2\/comments?post=105512"}],"version-history":[{"count":1,"href":"https:\/\/www.actualidadadiario.com\/index.php\/wp-json\/wp\/v2\/posts\/105512\/revisions"}],"predecessor-version":[{"id":105513,"href":"https:\/\/www.actualidadadiario.com\/index.php\/wp-json\/wp\/v2\/posts\/105512\/revisions\/105513"}],"wp:featuredmedia":[{"embeddable":true,"href":"https:\/\/www.actualidadadiario.com\/index.php\/wp-json\/wp\/v2\/media\/103349"}],"wp:attachment":[{"href":"https:\/\/www.actualidadadiario.com\/index.php\/wp-json\/wp\/v2\/media?parent=105512"}],"wp:term":[{"taxonomy":"category","embeddable":true,"href":"https:\/\/www.actualidadadiario.com\/index.php\/wp-json\/wp\/v2\/categories?post=105512"},{"taxonomy":"post_tag","embeddable":true,"href":"https:\/\/www.actualidadadiario.com\/index.php\/wp-json\/wp\/v2\/tags?post=105512"}],"curies":[{"name":"wp","href":"https:\/\/api.w.org\/{rel}","templated":true}]}}