{"id":105503,"date":"2023-07-27T13:49:25","date_gmt":"2023-07-27T16:49:25","guid":{"rendered":"https:\/\/www.actualidadadiario.com\/?p=105503"},"modified":"2023-07-27T13:49:25","modified_gmt":"2023-07-27T16:49:25","slug":"la-era-del-calentamiento-global-termino-es-el-momento-de-la-era-de-la-ebullicion-global","status":"publish","type":"post","link":"https:\/\/www.actualidadadiario.com\/index.php\/2023\/07\/27\/la-era-del-calentamiento-global-termino-es-el-momento-de-la-era-de-la-ebullicion-global\/","title":{"rendered":"&#8220;La era del calentamiento global termin\u00f3, es el momento de la era de la ebullici\u00f3n global&#8221;"},"content":{"rendered":"<p style=\"text-align: center;\"><em><strong>&#8220;A menos que se produzca una mini edad de hielo en los pr\u00f3ximos d\u00edas, julio de 2023 batir\u00e1 todos los r\u00e9cords&#8221;, lament\u00f3 Ant\u00f3nio Guterres, titular de Naciones Unidas, frente a las tres semanas de olas de calor hist\u00f3ricas en diversos puntos del mundo<\/strong><\/em><\/p>\n<p>&nbsp;<\/p>\n<p>&nbsp;<\/p>\n<p>Despu\u00e9s de tres semanas de olas de calor en diversos puntos del mundo, la Organizaci\u00f3n Meteorol\u00f3gica Mundial (OMM) de Naciones Unidas y el observatorio europeo Copernicus aseguraron este jueves tener suficientes datos para anunciar que julio ser\u00e1 &#8220;muy seguramente el mes m\u00e1s c\u00e1lido jam\u00e1s registrado&#8221;.<\/p>\n<p>&#8220;La era del calentamiento global ha terminado, ahora es el momento de la era de la ebullici\u00f3n global&#8221;, advirti\u00f3 el secretario general de la ONU, Ant\u00f3nio Guterres.<\/p>\n<p>&#8220;No necesitamos esperar hasta finales de mes para saberlo. A menos que se produzca una mini edad de hielo en los pr\u00f3ximos d\u00edas, julio de 2023 batir\u00e1 todos los r\u00e9cords&#8221;, lament\u00f3 Guterres en declaraciones a la prensa.<\/p>\n<p>Cient\u00edficos de la Organizaci\u00f3n Meteorol\u00f3gica Mundial y de Copernicus anunciaron en una conferencia de prensa que &#8220;es extremadamente probable&#8221; que este sea &#8220;el mes de julio m\u00e1s c\u00e1lido jam\u00e1s registrado&#8221;, e incluso &#8220;el mes m\u00e1s c\u00e1lido de todos&#8221;.<\/p>\n<p>&#8220;Los extremos meteorol\u00f3gicos sufridos por millones de personas en julio no son m\u00e1s que la dura realidad del cambio clim\u00e1tico y un adelanto de lo que nos reserva el futuro&#8221;, afirm\u00f3 por su parte el secretario general de la OMM, Petteri Taalas.<\/p>\n<p>El r\u00e9cord de este mes batir\u00e1 el anterior, establecido en julio de 2019, seg\u00fan consign\u00f3 la agencia de noticias AFP.<\/p>\n<p>Estas elevadas temperaturas probablemente &#8220;no tiene precedentes&#8221; en miles de a\u00f1os, indicaron ambas instituciones internacionales.<\/p>\n<p>&nbsp;<\/p>\n<p><strong>Las tres semanas m\u00e1s calientes desde que hay mediciones<\/strong><\/p>\n<p>Las tres primeras semanas de julio son ya las tres m\u00e1s calientes nunca medidas y la anomal\u00eda de temperatura constatada por Copernicus, cuyos datos completos se remontan a 1940, es tal que no es necesario esperar al final del mes para confirmar el r\u00e9cord.<\/p>\n<p>Los efectos del calentamiento debido a la actividad humana fueron concretos en estas \u00faltimas semanas: incendios en Grecia y Canad\u00e1, temperaturas extremas en el sur de Europa, \u00c1frica del Norte, Estados Unidos y parte de China, que acaba de sufrir tambi\u00e9n los estragos del tif\u00f3n Doksuri.<\/p>\n<p>M\u00e1s all\u00e1 de las mediciones modernas, los datos paleoclimatol\u00f3gicos, a partir de los anillos de crecimiento de los troncos de los \u00e1rboles y los n\u00facleos de hielo, permiten apuntar que las temperaturas actuales &#8220;no tienen precedentes en nuestra historia, teniendo en cuenta los \u00faltimos millares de a\u00f1os&#8221;, dijo Carlo Buontempo, director del servicio de clim\u00e1tico de Copernicus.<\/p>\n","protected":false},"excerpt":{"rendered":"<p>&#8220;A menos que se produzca una mini edad de hielo en los pr\u00f3ximos d\u00edas, julio de 2023 batir\u00e1 todos los r\u00e9cords&#8221;, lament\u00f3 Ant\u00f3nio Guterres, titular de Naciones Unidas, frente a las tres semanas de olas de calor hist\u00f3ricas en diversos puntos del mundo &nbsp; &nbsp; Despu\u00e9s de tres semanas de olas de calor en diversos puntos del mundo, la Organizaci\u00f3n Meteorol\u00f3gica Mundial (OMM) de Naciones Unidas y el observatorio europeo Copernicus aseguraron este jueves tener suficientes datos para anunciar que julio ser\u00e1 &#8220;muy seguramente el mes m\u00e1s c\u00e1lido jam\u00e1s registrado&#8221;&#8230;.<\/p>\n","protected":false},"author":3,"featured_media":101972,"comment_status":"closed","ping_status":"closed","sticky":false,"template":"","format":"standard","meta":[],"categories":[4],"tags":[],"_links":{"self":[{"href":"https:\/\/www.actualidadadiario.com\/index.php\/wp-json\/wp\/v2\/posts\/105503"}],"collection":[{"href":"https:\/\/www.actualidadadiario.com\/index.php\/wp-json\/wp\/v2\/posts"}],"about":[{"href":"https:\/\/www.actualidadadiario.com\/index.php\/wp-json\/wp\/v2\/types\/post"}],"author":[{"embeddable":true,"href":"https:\/\/www.actualidadadiario.com\/index.php\/wp-json\/wp\/v2\/users\/3"}],"replies":[{"embeddable":true,"href":"https:\/\/www.actualidadadiario.com\/index.php\/wp-json\/wp\/v2\/comments?post=105503"}],"version-history":[{"count":1,"href":"https:\/\/www.actualidadadiario.com\/index.php\/wp-json\/wp\/v2\/posts\/105503\/revisions"}],"predecessor-version":[{"id":105504,"href":"https:\/\/www.actualidadadiario.com\/index.php\/wp-json\/wp\/v2\/posts\/105503\/revisions\/105504"}],"wp:featuredmedia":[{"embeddable":true,"href":"https:\/\/www.actualidadadiario.com\/index.php\/wp-json\/wp\/v2\/media\/101972"}],"wp:attachment":[{"href":"https:\/\/www.actualidadadiario.com\/index.php\/wp-json\/wp\/v2\/media?parent=105503"}],"wp:term":[{"taxonomy":"category","embeddable":true,"href":"https:\/\/www.actualidadadiario.com\/index.php\/wp-json\/wp\/v2\/categories?post=105503"},{"taxonomy":"post_tag","embeddable":true,"href":"https:\/\/www.actualidadadiario.com\/index.php\/wp-json\/wp\/v2\/tags?post=105503"}],"curies":[{"name":"wp","href":"https:\/\/api.w.org\/{rel}","templated":true}]}}