{"id":105500,"date":"2023-07-27T13:48:42","date_gmt":"2023-07-27T16:48:42","guid":{"rendered":"https:\/\/www.actualidadadiario.com\/?p=105500"},"modified":"2023-07-27T13:48:42","modified_gmt":"2023-07-27T16:48:42","slug":"las-coreas-recordaron-el-70-aniversario-del-fin-de-la-guerra","status":"publish","type":"post","link":"https:\/\/www.actualidadadiario.com\/index.php\/2023\/07\/27\/las-coreas-recordaron-el-70-aniversario-del-fin-de-la-guerra\/","title":{"rendered":"Las Coreas recordaron el 70 aniversario del fin de la guerra"},"content":{"rendered":"<p style=\"text-align: center;\"><em><strong>Los dos pa\u00edses contin\u00faan t\u00e9cnicamente en guerra debido a que el 27 de julio de 1953 se firm\u00f3 un armisticio, pero no un tratado de paz definitivo. &#8220;La conmemoraci\u00f3n del Acuerdo de Armisticio no solo se\u00f1alar\u00e1 el cese de las hostilidades, sino que tambi\u00e9n se\u00f1alar\u00e1 un brillante futuro de reconciliaci\u00f3n, hermandad y armon\u00eda duradera&#8221;, dijo Francisco<\/strong><\/em><\/p>\n<p>&nbsp;<\/p>\n<p>&nbsp;<\/p>\n<p>Corea del Sur y Corea del Norte recordaron los 70 a\u00f1os de la firma del armisticio que declar\u00f3 una tregua en la guerra que los enfrent\u00f3 entre 1950 y 1953 con celebraciones claramente diferenciadas, que exponen el presente de tensi\u00f3n que preocupa a ambos pa\u00edses.<\/p>\n<p>Las Coreas contin\u00faan t\u00e9cnicamente en guerra debido a que en aquel 27 de julio de 1953 se firm\u00f3 un armisticio, pero no un tratado de paz definitivo, y llegan a este aniversario en un clima de tensi\u00f3n.<\/p>\n<p>El l\u00edder norcoereano Kim Yong-un exhibi\u00f3 ante altas autoridades rusas y chinas el poder\u00edo armament\u00edstico del Norte. Entre enormes misiles bal\u00edsticos intercontinentales y drones militares desconocidos hasta ahora, Kim le mostr\u00f3 al ministro de Defensa ruso, Serguei Shoigu, parte del arsenal de su pa\u00eds, dijeron medios estatales y la agencia de noticias AFP.<\/p>\n<p>Kim y Shoigu visitaron la denominada Exhibici\u00f3n de Armas y Equipamiento 2023, dijo la agencia de prensa norcoreana KCNA, que mostr\u00f3 im\u00e1genes de ambos junto a los misiles intercontinentales Hwasong-17 y Hwasong-18.<\/p>\n<p>Rusia, aliado hist\u00f3rico de Corea del Norte, es una de las naciones con las que el r\u00e9gimen de Kim mantiene relaciones amistosas.<\/p>\n<p>En su primer encuentro con un alto representante extranjero despu\u00e9s de la pandemia, Kim mantuvo &#8220;una charla amistosa&#8221; con Shoigu, que le entreg\u00f3 &#8220;una carta autografiada&#8221; del presidente ruso, Vladimir Putin, dijo KCNA.<\/p>\n<p>En tanto, el presidente surcoreano visit\u00f3 el Cementerio Conmemorativo de las Naciones Unidas (ONU) en Busan, donde rindi\u00f3 homenaje a los soldados ca\u00eddos.<\/p>\n<p>Yoon estuvo acompa\u00f1ado por la primera dama, Kim Keon Hee, y visitantes de pa\u00edses que lucharon junto con Corea del Sur bajo la bandera de la ONU, incluida la gobernadora general de Nueva Zelanda, Cindy Kiro; el primer ministro luxemburgu\u00e9s, Xavier Bettel; el ministro de Asuntos de Veteranos australiano, Matt Keogh, y la secretaria de Estado de Asuntos de Veteranos y la Memoria francesa, Patricia Miralles, puntualiz\u00f3 la agencia de noticias Yonhap.<\/p>\n<p>Yoon present\u00f3 sus respetos frente a una bandera luxemburguesa instalada dentro del cementerio, antes de visitar tambi\u00e9n el monumento a Nueva Zelanda y la tumba de soldados brit\u00e1nicos.<\/p>\n<p>Junto con los delegados extranjeros colocaron una ofrenda floral y realizaron una oraci\u00f3n en silencio frente al monumento a las fuerzas de la ONU.<\/p>\n<p>La oficina presidencial dijo que esta era la primera vez que un presidente en ejercicio rend\u00eda homenaje frente al monumento, construido en 1978, para honrar a las tropas de la ONU que murieron durante el conflicto b\u00e9lico.<\/p>\n","protected":false},"excerpt":{"rendered":"<p>Los dos pa\u00edses contin\u00faan t\u00e9cnicamente en guerra debido a que el 27 de julio de 1953 se firm\u00f3 un armisticio, pero no un tratado de paz definitivo. &#8220;La conmemoraci\u00f3n del Acuerdo de Armisticio no solo se\u00f1alar\u00e1 el cese de las hostilidades, sino que tambi\u00e9n se\u00f1alar\u00e1 un brillante futuro de reconciliaci\u00f3n, hermandad y armon\u00eda duradera&#8221;, dijo Francisco &nbsp; &nbsp; Corea del Sur y Corea del Norte recordaron los 70 a\u00f1os de la firma del armisticio que declar\u00f3 una tregua en la guerra que los enfrent\u00f3 entre 1950 y 1953 con celebraciones&#8230;<\/p>\n","protected":false},"author":3,"featured_media":105501,"comment_status":"closed","ping_status":"closed","sticky":false,"template":"","format":"standard","meta":[],"categories":[4],"tags":[],"_links":{"self":[{"href":"https:\/\/www.actualidadadiario.com\/index.php\/wp-json\/wp\/v2\/posts\/105500"}],"collection":[{"href":"https:\/\/www.actualidadadiario.com\/index.php\/wp-json\/wp\/v2\/posts"}],"about":[{"href":"https:\/\/www.actualidadadiario.com\/index.php\/wp-json\/wp\/v2\/types\/post"}],"author":[{"embeddable":true,"href":"https:\/\/www.actualidadadiario.com\/index.php\/wp-json\/wp\/v2\/users\/3"}],"replies":[{"embeddable":true,"href":"https:\/\/www.actualidadadiario.com\/index.php\/wp-json\/wp\/v2\/comments?post=105500"}],"version-history":[{"count":1,"href":"https:\/\/www.actualidadadiario.com\/index.php\/wp-json\/wp\/v2\/posts\/105500\/revisions"}],"predecessor-version":[{"id":105502,"href":"https:\/\/www.actualidadadiario.com\/index.php\/wp-json\/wp\/v2\/posts\/105500\/revisions\/105502"}],"wp:featuredmedia":[{"embeddable":true,"href":"https:\/\/www.actualidadadiario.com\/index.php\/wp-json\/wp\/v2\/media\/105501"}],"wp:attachment":[{"href":"https:\/\/www.actualidadadiario.com\/index.php\/wp-json\/wp\/v2\/media?parent=105500"}],"wp:term":[{"taxonomy":"category","embeddable":true,"href":"https:\/\/www.actualidadadiario.com\/index.php\/wp-json\/wp\/v2\/categories?post=105500"},{"taxonomy":"post_tag","embeddable":true,"href":"https:\/\/www.actualidadadiario.com\/index.php\/wp-json\/wp\/v2\/tags?post=105500"}],"curies":[{"name":"wp","href":"https:\/\/api.w.org\/{rel}","templated":true}]}}