{"id":105489,"date":"2023-07-27T13:44:46","date_gmt":"2023-07-27T16:44:46","guid":{"rendered":"https:\/\/www.actualidadadiario.com\/?p=105489"},"modified":"2023-07-27T13:44:46","modified_gmt":"2023-07-27T16:44:46","slug":"los-gobernadores-peronistas-se-ponen-al-frente-de-la-campana-de-sergio-massa","status":"publish","type":"post","link":"https:\/\/www.actualidadadiario.com\/index.php\/2023\/07\/27\/los-gobernadores-peronistas-se-ponen-al-frente-de-la-campana-de-sergio-massa\/","title":{"rendered":"Los gobernadores peronistas se ponen al frente de la campa\u00f1a de Sergio Massa"},"content":{"rendered":"<p style=\"text-align: center;\"><em><strong>Del encuentro participar\u00e1n los mandatarios de Catamarca, Ra\u00fal Jalil; Santiago del Estero, Gerardo Zamora; Formosa, Gildo Infr\u00e1n; Misiones, Oscar Herrera Aguad y de Entre R\u00edos, Gustavo Bordet, adem\u00e1s del gobernador local, Ricardo Quintela<\/strong><\/em><\/p>\n<p>&nbsp;<\/p>\n<p>&nbsp;<\/p>\n<p>Los gobernadores peronistas se suman de lleno a la campa\u00f1a de Uni\u00f3n por la Patria y este viernes gran parte de ellos se mostrar\u00e1 en el interior del pa\u00eds junto a la f\u00f3rmula presidencial que encabeza Sergio Massa. En medio de la gira que el ministro de Econom\u00eda y candidato har\u00e1 por tres provincias, habr\u00e1 una cumbre en la Rioja de la que participar\u00e1 la f\u00f3rmula presidencial con los gobernadores de Catamarca, Ra\u00fal Jalil; Santiago del Estero, Gerardo Zamora; Formosa, Gildo Infr\u00e1n; Misiones, Oscar Herrera Aguad y de Entre R\u00edos, Gustavo Bordet, adem\u00e1s del gobernador local, Ricardo Quintela. El d\u00eda anterior, Massa junto a su candidato a vicepresidente, Agust\u00edn Rossi, y el ministro del Interior y Jefe de Campa\u00f1a, Eduardo &#8220;Wado&#8221; de Pedro, estar\u00e1n en San Juan con el gobernador Sergio U\u00f1ac y con el diputado Jos\u00e9 Luis Gioja y el s\u00e1bado, antes de volver para encabezar la caravana en La Matanza -a la que se sumar\u00e1 el gobernador Axel Kicillof-, estar\u00e1n en Tucum\u00e1n con Juan Manzur y Osvaldo Jaldo.<\/p>\n<p>&#8220;En cada provincia el jefe de campa\u00f1a es el gobernador&#8221;. Eso es lo que destacan desde el comando de campa\u00f1a de la calle Mitre y resaltan que este viaje que Massa emprender\u00e1 el jueves por la noche por el interior se pens\u00f3 para &#8220;resaltar que el nuestro es un espacio federal frente los opositores que son los pituquitos de Recoleta&#8221;, retomando los dichos del gobernador electo de C\u00f3rdoba, Mart\u00edn Llaryora. La idea, dicen, es mostrar el despliegue federal que tiene Uni\u00f3n por la Patria. Durante la \u00faltima semana Massa y Wado estuvieron llamando personalmente y uno por uno a los gobernadores que, hasta ahora, estaban m\u00e1s metidos en temas de gesti\u00f3n que electorales, y les pidieron que activen &#8220;el modo campa\u00f1a&#8221;. Los gobernadores, seg\u00fan cuentan, ya est\u00e1n armando y trabajando en mesas en sus provincias con el eje puesto en las elecciones.<\/p>\n<p>Esta semana, el epicentro de la campa\u00f1a oficialista, que hasta ahora ven\u00eda m\u00e1s centrada en la gesti\u00f3n, ser\u00e1 en las dos regiones que mayor caudal de votos le dieron a ese espacio pol\u00edtico en 2019: El norte grande y el conurbano bonaerense. En las PASO de 2019 las regiones del NOA y NOE aportaron un caudal de votos a favor del Frente de Todos similar a la cosecha que tuvo esa fuerza en el conurbano bonaerense. El escrutinio electoral arroj\u00f3 que las diez provincias aportaron al FdT 1,708,316 votos m\u00e1s que JxC y obtuvieron en promedio casi un 33 por ciento de diferencial a favor del peronismo. Las cifras fueron reflejadas en el conurbano bonaerense donde el FdT obtuvo en la primera secci\u00f3n electoral 1,203, 295 votos m\u00e1s y en la tercera secci\u00f3n electoral, 738.529 votos, aventajando entre esas dos secciones a JxC por 1,941,824 votos.<\/p>\n<p>Otro eje de la recorrida por las provincias, seg\u00fan comentan desde las oficinas de Mitre, es el de la unidad: van a viajar Massa, Rossi y Wado. &#8220;Lo importante es mostrar la unidad pol\u00edtica del espacio frente a las peleas de la oposici\u00f3n. Adem\u00e1s, quieren instalar el concepto que ellos tienen de orden, frente al que tiene la oposici\u00f3n: &#8220;Para ellos orden es represi\u00f3n y para nosotros el orden es tener una Argentina previsible para todos con m\u00e1s trabajo, m\u00e1s educaci\u00f3n y m\u00e1s producci\u00f3n&#8221;, repiten. En la recorrida por San Juan, La Rioja y Tucum\u00e1n tambi\u00e9n habr\u00e1 protagonismo de los distintos sectores productivos del pa\u00eds.<\/p>\n<p>&nbsp;<\/p>\n<p><strong>Agenda<\/strong><\/p>\n<p>El jueves por la noche -cerca de las 21- Massa, Rossi y Wado llegar\u00e1n a San Juan. Visitar\u00e1n la casa de Gobierno y cenar\u00e1n con autoridades y referentes provinciales y nacionales. El viernes visitar\u00e1n a las 9.30 obras en el Tambolar y har\u00e1n una recorrida a\u00e9rea de la obra. Por \u00faltimo, habr\u00e1 un acto en el Estadio de UPCN. A las 14 despegar\u00e1n con destino a La Rioja y a las 15.30 tienen pactada una recorrida con trabajadores por la planta Industrial PUMA. All\u00ed se sumar\u00e1n para un almuerzo todos los gobernadores que van especialmente para la ocasi\u00f3n y se llevar\u00e1 adelante el acto m\u00e1s grande de la gira en el superdomo de la ciudad capital, a las 16.30. Cerca de las siete de la tarde se volver\u00e1n a subir al avi\u00f3n para ir a Tucum\u00e1n. El s\u00e1bado, \u00faltimo d\u00eda del viaje, har\u00e1n temprano una recorrida con trabajadores y un acto con Manzur y Jaldo. Cerca del mediod\u00eda emprender\u00e1n el retorno para, por la tarde, estar en la caravana de La Matanza.<\/p>\n","protected":false},"excerpt":{"rendered":"<p>Del encuentro participar\u00e1n los mandatarios de Catamarca, Ra\u00fal Jalil; Santiago del Estero, Gerardo Zamora; Formosa, Gildo Infr\u00e1n; Misiones, Oscar Herrera Aguad y de Entre R\u00edos, Gustavo Bordet, adem\u00e1s del gobernador local, Ricardo Quintela &nbsp; &nbsp; Los gobernadores peronistas se suman de lleno a la campa\u00f1a de Uni\u00f3n por la Patria y este viernes gran parte de ellos se mostrar\u00e1 en el interior del pa\u00eds junto a la f\u00f3rmula presidencial que encabeza Sergio Massa. En medio de la gira que el ministro de Econom\u00eda y candidato har\u00e1 por tres provincias, habr\u00e1&#8230;<\/p>\n","protected":false},"author":3,"featured_media":105490,"comment_status":"closed","ping_status":"closed","sticky":false,"template":"","format":"standard","meta":[],"categories":[18],"tags":[],"_links":{"self":[{"href":"https:\/\/www.actualidadadiario.com\/index.php\/wp-json\/wp\/v2\/posts\/105489"}],"collection":[{"href":"https:\/\/www.actualidadadiario.com\/index.php\/wp-json\/wp\/v2\/posts"}],"about":[{"href":"https:\/\/www.actualidadadiario.com\/index.php\/wp-json\/wp\/v2\/types\/post"}],"author":[{"embeddable":true,"href":"https:\/\/www.actualidadadiario.com\/index.php\/wp-json\/wp\/v2\/users\/3"}],"replies":[{"embeddable":true,"href":"https:\/\/www.actualidadadiario.com\/index.php\/wp-json\/wp\/v2\/comments?post=105489"}],"version-history":[{"count":1,"href":"https:\/\/www.actualidadadiario.com\/index.php\/wp-json\/wp\/v2\/posts\/105489\/revisions"}],"predecessor-version":[{"id":105491,"href":"https:\/\/www.actualidadadiario.com\/index.php\/wp-json\/wp\/v2\/posts\/105489\/revisions\/105491"}],"wp:featuredmedia":[{"embeddable":true,"href":"https:\/\/www.actualidadadiario.com\/index.php\/wp-json\/wp\/v2\/media\/105490"}],"wp:attachment":[{"href":"https:\/\/www.actualidadadiario.com\/index.php\/wp-json\/wp\/v2\/media?parent=105489"}],"wp:term":[{"taxonomy":"category","embeddable":true,"href":"https:\/\/www.actualidadadiario.com\/index.php\/wp-json\/wp\/v2\/categories?post=105489"},{"taxonomy":"post_tag","embeddable":true,"href":"https:\/\/www.actualidadadiario.com\/index.php\/wp-json\/wp\/v2\/tags?post=105489"}],"curies":[{"name":"wp","href":"https:\/\/api.w.org\/{rel}","templated":true}]}}