{"id":105486,"date":"2023-07-27T13:43:51","date_gmt":"2023-07-27T16:43:51","guid":{"rendered":"https:\/\/www.actualidadadiario.com\/?p=105486"},"modified":"2023-07-27T13:43:51","modified_gmt":"2023-07-27T16:43:51","slug":"fuerte-repudio-del-oficialismo-por-los-canticos-contra-cristina-kirchner","status":"publish","type":"post","link":"https:\/\/www.actualidadadiario.com\/index.php\/2023\/07\/27\/fuerte-repudio-del-oficialismo-por-los-canticos-contra-cristina-kirchner\/","title":{"rendered":"Fuerte repudio del oficialismo por los c\u00e1nticos contra Cristina Kirchner"},"content":{"rendered":"<p style=\"text-align: center;\"><em><strong>Desde diferentes sectores cuestionaron a Patricia Bullrich por protagonizar cantos &#8220;violentos&#8221; contra Cristina. La dirigente de Pro retruc\u00f3 los mensajes cr\u00edticos<\/strong><\/em><\/p>\n<p>&nbsp;<\/p>\n<p>&nbsp;<\/p>\n<p>Primero cantaron contra Cristina Kirchner, y luego retrucaron que deber\u00eda estar presa. Durante un encuentro de la juventud del Pro, la precandidata presidencial Patricia Bullrich particip\u00f3 entonando una canci\u00f3n que arengaba a &#8220;una Argentina sin Cristina&#8221;.<\/p>\n<p>El c\u00e1ntico de la l\u00edder de la oposici\u00f3n se convirti\u00f3 en las \u00faltimas horas en el repudio de todos los dirigentes del oficialismo. Una de las primeras en cuestionarlo fue la intendenta de Quilmes, Mayra Mendoza, quien advirti\u00f3 que la candidata &#8220;nunca se solidariz\u00f3 por el intento de asesinato&#8221; contra Cristina. &#8220;Promueven el odio mientras buscan eliminar a sus adversarios pol\u00edticos. Eso es el Macrismo&#8221;, advirti\u00f3 la dirigente en las redes sociales.<\/p>\n<p>El cruce con Bullrich continu\u00f3 con el ministro del Interior, Wado de Pedro, tras las im\u00e1genes difundidas en diferentes redes sociales por la agrupaci\u00f3n. El funcionario manifest\u00f3 que &#8220;en la Argentina que tenemos que construir tiene que haber lugar para todos y todas, incluso para vos&#8221;.<\/p>\n<p>El gobernador de la provincia de Buenos Aires tambi\u00e9n se sum\u00f3 a los mensajes de rechazo a los c\u00e1nticos protagonizados por Bullrich. Axel Kicillof calific\u00f3 de &#8220;nefasto&#8221; el episodio cuando se est\u00e1 por cumplir un a\u00f1o del fallido atentado contra la vida de vicepresidenta. &#8220;El partido judicial no investiga, encubre. Y la candidata @PatoBullrich lo celebra de esta manera. Predican el odio y la violencia&#8221;, escribi\u00f3 en las redes sociales.<\/p>\n<p>La agrupaci\u00f3n La C\u00e1mpora dijo que la escena de la candidata con los militantes &#8220;es volver atr\u00e1s&#8221;. Tambi\u00e9n repudiaron el hecho la titular del Anses, Fernanda Raverta; el secretario de Derechos Humanos, Horacio Pietragalla; la diputada Paula Penacca; y se sumaron gobernadores, dirigentes gremiales y funcionarios.<\/p>\n<p>El senador del Frente de Todos, Oscar Parrilli, dijo esta ma\u00f1ana que &#8220;Patricia Bullrich significa lo peor de la historia violenta de Argentina&#8221;, y cuestion\u00f3 que el Instituto que dirige la l\u00edder del Pro &#8220;elimin\u00f3 informaci\u00f3n de los tel\u00e9fonos de Milman y de su asesora&#8221;.<\/p>\n<p>El bloque de Diputados nacionales del Frente de Todos cuestion\u00f3 &#8220;los c\u00e1nticos antidemocr\u00e1ticos y agresivos&#8221; de Patricia Bullrich y la militancia. En un comunicado, los legisladores instaron a todo el arco pol\u00edtico &#8220;a que condenen las acciones y discursos violentos que invitan a eliminar al adversario pol\u00edtico, rememorando las p\u00e1ginas m\u00e1s oscuras de la historia&#8221;.<\/p>\n<p>La agrupaci\u00f3n La C\u00e1mpora dijo que la escena de la candidata con los militantes &#8220;es volver atr\u00e1s&#8221;. Tambi\u00e9n repudiaron el hecho la titular del Anses, Fernanda Raverta; el secretario de Derechos Humanos, Horacio Pietragalla; la diputada Paula Penacca; y se sumaron gobernadores, dirigentes gremiales y funcionarios.<\/p>\n<p>El senador del Frente de Todos, Oscar Parrilli, dijo esta ma\u00f1ana que &#8220;Patricia Bullrich significa lo peor de la historia violenta de Argentina&#8221;, y cuestion\u00f3 que el Instituto que dirige la l\u00edder del Pro &#8220;elimin\u00f3 informaci\u00f3n de los tel\u00e9fonos de Milman y de su asesora&#8221;.<\/p>\n<p>El bloque de Diputados nacionales del Frente de Todos cuestion\u00f3 &#8220;los c\u00e1nticos antidemocr\u00e1ticos y agresivos&#8221; de Patricia Bullrich y la militancia. En un comunicado, los legisladores instaron a todo el arco pol\u00edtico &#8220;a que condenen las acciones y discursos violentos que invitan a eliminar al adversario pol\u00edtico, rememorando las p\u00e1ginas m\u00e1s oscuras de la historia&#8221;.<\/p>\n<p>La precandidata Bullrich no se qued\u00f3 atr\u00e1s y retruc\u00f3 los comentarios de algunos dirigentes de Uni\u00f3n por la Patria. Primero le contest\u00f3 al gobernador Kicillof que se ocupe de &#8220;la violencia que viven los bonaerenses todos los d\u00edas con la inflaci\u00f3n y la inseguridad&#8221;. &#8220;P\u00f3ngase a gobernar en vez de criticar, gobernador&#8221;, agreg\u00f3.<\/p>\n<p>Tambi\u00e9n lo hizo con Wado de Pedro. &#8220;Ministro del Interior: el \u00fanico lugar en donde deber\u00eda estar Cristina Kirchner es presa, cumpliendo su condena&#8221;, escribi\u00f3 en las redes sociales.<\/p>\n","protected":false},"excerpt":{"rendered":"<p>Desde diferentes sectores cuestionaron a Patricia Bullrich por protagonizar cantos &#8220;violentos&#8221; contra Cristina. La dirigente de Pro retruc\u00f3 los mensajes cr\u00edticos &nbsp; &nbsp; Primero cantaron contra Cristina Kirchner, y luego retrucaron que deber\u00eda estar presa. Durante un encuentro de la juventud del Pro, la precandidata presidencial Patricia Bullrich particip\u00f3 entonando una canci\u00f3n que arengaba a &#8220;una Argentina sin Cristina&#8221;. El c\u00e1ntico de la l\u00edder de la oposici\u00f3n se convirti\u00f3 en las \u00faltimas horas en el repudio de todos los dirigentes del oficialismo. Una de las primeras en cuestionarlo fue la&#8230;<\/p>\n","protected":false},"author":3,"featured_media":105487,"comment_status":"closed","ping_status":"closed","sticky":false,"template":"","format":"standard","meta":[],"categories":[18],"tags":[],"_links":{"self":[{"href":"https:\/\/www.actualidadadiario.com\/index.php\/wp-json\/wp\/v2\/posts\/105486"}],"collection":[{"href":"https:\/\/www.actualidadadiario.com\/index.php\/wp-json\/wp\/v2\/posts"}],"about":[{"href":"https:\/\/www.actualidadadiario.com\/index.php\/wp-json\/wp\/v2\/types\/post"}],"author":[{"embeddable":true,"href":"https:\/\/www.actualidadadiario.com\/index.php\/wp-json\/wp\/v2\/users\/3"}],"replies":[{"embeddable":true,"href":"https:\/\/www.actualidadadiario.com\/index.php\/wp-json\/wp\/v2\/comments?post=105486"}],"version-history":[{"count":1,"href":"https:\/\/www.actualidadadiario.com\/index.php\/wp-json\/wp\/v2\/posts\/105486\/revisions"}],"predecessor-version":[{"id":105488,"href":"https:\/\/www.actualidadadiario.com\/index.php\/wp-json\/wp\/v2\/posts\/105486\/revisions\/105488"}],"wp:featuredmedia":[{"embeddable":true,"href":"https:\/\/www.actualidadadiario.com\/index.php\/wp-json\/wp\/v2\/media\/105487"}],"wp:attachment":[{"href":"https:\/\/www.actualidadadiario.com\/index.php\/wp-json\/wp\/v2\/media?parent=105486"}],"wp:term":[{"taxonomy":"category","embeddable":true,"href":"https:\/\/www.actualidadadiario.com\/index.php\/wp-json\/wp\/v2\/categories?post=105486"},{"taxonomy":"post_tag","embeddable":true,"href":"https:\/\/www.actualidadadiario.com\/index.php\/wp-json\/wp\/v2\/tags?post=105486"}],"curies":[{"name":"wp","href":"https:\/\/api.w.org\/{rel}","templated":true}]}}