{"id":105481,"date":"2023-07-27T13:42:00","date_gmt":"2023-07-27T16:42:00","guid":{"rendered":"https:\/\/www.actualidadadiario.com\/?p=105481"},"modified":"2023-07-27T13:42:00","modified_gmt":"2023-07-27T16:42:00","slug":"encuesta-paso-massa-lidera-en-intencion-de-voto-y-uxp-supera-a-la-suma-de-larreta-y-bullrich-de-jxc","status":"publish","type":"post","link":"https:\/\/www.actualidadadiario.com\/index.php\/2023\/07\/27\/encuesta-paso-massa-lidera-en-intencion-de-voto-y-uxp-supera-a-la-suma-de-larreta-y-bullrich-de-jxc\/","title":{"rendered":"Encuesta PASO: Massa lidera en intenci\u00f3n de voto y UXP supera a la suma de Larreta y Bullrich de JXC"},"content":{"rendered":"<p style=\"text-align: center;\"><em><strong>La lista del ministro de Econom\u00eda y precandidato presidencial de Uni\u00f3n por la Patria liderar\u00eda las adhesiones con ventajas de casi 7 puntos sobre Juntos por el Cambio, mientras que La Libertad Avanza quedar\u00eda tercero a 20 puntos detr\u00e1s del oficialismo<\/strong><\/em><\/p>\n<p>&nbsp;<\/p>\n<p>&nbsp;<\/p>\n<p>A dos semanas de las PASO, un nuevo estudio realizado en la provincia de Buenos Aires muestra ventajas claras de Uni\u00f3n por la Patria, con la lista del precandidato presidencial Sergio Massa, por sobre Juntos por el Cambio, mientras que los libertarios estar\u00edan terceros en la disputa bonaerense.<\/p>\n<p>Se trata de una encuesta de Isonom\u00eda Consultores realizada de manera presencial en el territorio bonaerense entre el 29 de junio y el 12 de julio sobre 2007 casos.<\/p>\n<p>El sondeo determin\u00f3 que Uni\u00f3n por la Patria liderar\u00eda las adhesiones con ventajas de casi 7 puntos sobre Juntos por el Cambio, mientras que La Libertad Avanza quedar\u00eda tercero, 20 puntos detr\u00e1s del oficialismo.<\/p>\n<p>En este sentido, Sergio Massa aparece como el candidato m\u00e1s votado con 33,8% seguido por Javier Milei con 16,7%. Mientras que la interna de Juntos estar\u00eda liderada por Horacio Rodr\u00edguez Larreta con 16,6% contra 12,7% de Patricia Bullrich.<\/p>\n<p>As\u00ed, Larreta es el dirigente de la oposici\u00f3n mejor posicionado en la provincia de Buenos Aires y se impone en la interna de Juntos por el Cambio con una diferencia de casi 4 puntos sobre Patricia Bullrich.<\/p>\n<p>Mientras que Sergio Massa ser\u00eda el candidato presidencial con mejor imagen positiva (40,5%), seguido de Horacio Rodr\u00edguez Larreta (38%), Patricia Bullrich (34,3%), y m\u00e1s alejado aparece Javier Milei (25,1%).<\/p>\n","protected":false},"excerpt":{"rendered":"<p>La lista del ministro de Econom\u00eda y precandidato presidencial de Uni\u00f3n por la Patria liderar\u00eda las adhesiones con ventajas de casi 7 puntos sobre Juntos por el Cambio, mientras que La Libertad Avanza quedar\u00eda tercero a 20 puntos detr\u00e1s del oficialismo &nbsp; &nbsp; A dos semanas de las PASO, un nuevo estudio realizado en la provincia de Buenos Aires muestra ventajas claras de Uni\u00f3n por la Patria, con la lista del precandidato presidencial Sergio Massa, por sobre Juntos por el Cambio, mientras que los libertarios estar\u00edan terceros en la disputa&#8230;<\/p>\n","protected":false},"author":3,"featured_media":105482,"comment_status":"closed","ping_status":"closed","sticky":false,"template":"","format":"standard","meta":[],"categories":[18],"tags":[],"_links":{"self":[{"href":"https:\/\/www.actualidadadiario.com\/index.php\/wp-json\/wp\/v2\/posts\/105481"}],"collection":[{"href":"https:\/\/www.actualidadadiario.com\/index.php\/wp-json\/wp\/v2\/posts"}],"about":[{"href":"https:\/\/www.actualidadadiario.com\/index.php\/wp-json\/wp\/v2\/types\/post"}],"author":[{"embeddable":true,"href":"https:\/\/www.actualidadadiario.com\/index.php\/wp-json\/wp\/v2\/users\/3"}],"replies":[{"embeddable":true,"href":"https:\/\/www.actualidadadiario.com\/index.php\/wp-json\/wp\/v2\/comments?post=105481"}],"version-history":[{"count":1,"href":"https:\/\/www.actualidadadiario.com\/index.php\/wp-json\/wp\/v2\/posts\/105481\/revisions"}],"predecessor-version":[{"id":105483,"href":"https:\/\/www.actualidadadiario.com\/index.php\/wp-json\/wp\/v2\/posts\/105481\/revisions\/105483"}],"wp:featuredmedia":[{"embeddable":true,"href":"https:\/\/www.actualidadadiario.com\/index.php\/wp-json\/wp\/v2\/media\/105482"}],"wp:attachment":[{"href":"https:\/\/www.actualidadadiario.com\/index.php\/wp-json\/wp\/v2\/media?parent=105481"}],"wp:term":[{"taxonomy":"category","embeddable":true,"href":"https:\/\/www.actualidadadiario.com\/index.php\/wp-json\/wp\/v2\/categories?post=105481"},{"taxonomy":"post_tag","embeddable":true,"href":"https:\/\/www.actualidadadiario.com\/index.php\/wp-json\/wp\/v2\/tags?post=105481"}],"curies":[{"name":"wp","href":"https:\/\/api.w.org\/{rel}","templated":true}]}}