{"id":105465,"date":"2023-07-27T13:36:16","date_gmt":"2023-07-27T16:36:16","guid":{"rendered":"https:\/\/www.actualidadadiario.com\/?p=105465"},"modified":"2023-07-27T13:36:16","modified_gmt":"2023-07-27T16:36:16","slug":"datos-claves-sobre-la-inflacion-se-conoceran-recien-despues-de-las-paso","status":"publish","type":"post","link":"https:\/\/www.actualidadadiario.com\/index.php\/2023\/07\/27\/datos-claves-sobre-la-inflacion-se-conoceran-recien-despues-de-las-paso\/","title":{"rendered":"Datos claves sobre la inflaci\u00f3n se conocer\u00e1n reci\u00e9n despu\u00e9s de las PASO"},"content":{"rendered":"<p style=\"text-align: center;\"><em><strong>Tanto el INDEC como el Banco Central tomaron la decisi\u00f3n de postergar los relevamientos para despu\u00e9s de los comicios. Empresas y consumidores estiman que el costo de vida de julio arroje un resultado superior al 6% de junio<\/strong><\/em><\/p>\n<p>&nbsp;<\/p>\n<p>&nbsp;<\/p>\n<p>Los datos claves sobre la inflaci\u00f3n que difunden el INDEC y el Banco Central (REM) ser\u00e1n informados reci\u00e9n despu\u00e9s de las elecciones primarias.<\/p>\n<p>Tanto el organismo oficial de estad\u00edstica como la autoridad monetaria tomaron esa decisi\u00f3n hace m\u00e1s de un mes.<\/p>\n<p>Seg\u00fan explic\u00f3 una fuente del BCRA, el motivo fue que las consultoras pudiesen obtener m\u00e1s tiempo para formular sus estimaciones.<\/p>\n<p>El mes pasado, esos institutos hab\u00edan estimado un costo de vida superior al que finalmente se verific\u00f3, ya que por ejemplo no contaban con un insumo clave, que era el IPC elaborado por el Gobierno porte\u00f1o.<\/p>\n<p>El Banco Central record\u00f3 que, luego de que las y los participantes del REM brindaran sus pron\u00f3sticos al BCRA, se conoci\u00f3 nueva informaci\u00f3n que suger\u00eda que la inflaci\u00f3n mensual de junio se moder\u00f3 a\u00fan m\u00e1s con respecto al dato observado en mayo.<\/p>\n<p>M\u00e1s all\u00e1 de las aclaraciones, entre sectores de la oposici\u00f3n sostienen que la postergaci\u00f3n de la difusi\u00f3n de esos indicadores buscan no perjudicar la candidatura del oficialismo.<\/p>\n<p>Es que tras los \u00faltimos anuncios impositivos y cambiarios, empresas y consumidores esperan que el costo de vida de julio arroje un resultado superior al 6% de junio.<\/p>\n<p>Si bien se espera para julio una inflaci\u00f3n cercana al 6,5%, tras los \u00faltimos movimientos del d\u00f3lar y la suba de los impuestos a las importaciones, las consultoras ya est\u00e1n pronosticando que el registro de agosto volver\u00e1 a acercarse al 8%.<\/p>\n<p>El Central difunde cada mes el Relevamiento de Expectativas de Mercado (REM), en el que un grupo de 40 consultoras difunde sus pron\u00f3sticos sobre las principales variables de la econom\u00eda: inflaci\u00f3n, tipo de cambio, tasas de inter\u00e9s y actividad.<\/p>\n<p>Ese relevamiento se difunde el primer viernes de cada mes, pero en agosto la fecha ser\u00e1 diferente.<\/p>\n<p>El Central opt\u00f3 por postergarlo para despu\u00e9s de las elecciones del 13. As\u00ed, reci\u00e9n el 15 de agosto -el mismo d\u00eda en que el INDEC dar\u00e1 a conocer la inflaci\u00f3n de julio- se publicar\u00e1 el pr\u00f3ximo REM.<\/p>\n<p>En la primera parte del a\u00f1o, las estimaciones del REM se movieron por debajo del resultado del INDEC.<\/p>\n<p>La situaci\u00f3n cambi\u00f3 en mayo, cuando los pron\u00f3sticos pasaron a ser m\u00e1s altos que lo que finalmente fue el n\u00famero oficial.<\/p>\n<p>En mayo el INDEC hab\u00eda decidido pasar el dato de inflaci\u00f3n para despu\u00e9s del 14, fecha en la que votaban cinco provincias: Tucum\u00e1n, Salta, La Pampa, Tierra del Fuego y San Juan.<\/p>\n<p>La inflaci\u00f3n de abril, que dio 8,4%, el dato m\u00e1s alto en lo que va de la gesti\u00f3n de Alberto Fern\u00e1ndez, deb\u00eda difundirse el viernes 12 de mayo, pero el INDEC busc\u00f3 pasarla para el lunes 15.<\/p>\n<p>Finalmente, ante las cr\u00edticas que acusaban al organismo de tratar de esconder el dato para favorecer al oficialismo, Marco Lavagna, director del INDEC, dio marcha atr\u00e1s y la inflaci\u00f3n se conoci\u00f3 el viernes previo a las elecciones provinciales.<\/p>\n","protected":false},"excerpt":{"rendered":"<p>Tanto el INDEC como el Banco Central tomaron la decisi\u00f3n de postergar los relevamientos para despu\u00e9s de los comicios. Empresas y consumidores estiman que el costo de vida de julio arroje un resultado superior al 6% de junio &nbsp; &nbsp; Los datos claves sobre la inflaci\u00f3n que difunden el INDEC y el Banco Central (REM) ser\u00e1n informados reci\u00e9n despu\u00e9s de las elecciones primarias. Tanto el organismo oficial de estad\u00edstica como la autoridad monetaria tomaron esa decisi\u00f3n hace m\u00e1s de un mes. Seg\u00fan explic\u00f3 una fuente del BCRA, el motivo fue&#8230;<\/p>\n","protected":false},"author":3,"featured_media":104540,"comment_status":"closed","ping_status":"closed","sticky":false,"template":"","format":"standard","meta":[],"categories":[2],"tags":[],"_links":{"self":[{"href":"https:\/\/www.actualidadadiario.com\/index.php\/wp-json\/wp\/v2\/posts\/105465"}],"collection":[{"href":"https:\/\/www.actualidadadiario.com\/index.php\/wp-json\/wp\/v2\/posts"}],"about":[{"href":"https:\/\/www.actualidadadiario.com\/index.php\/wp-json\/wp\/v2\/types\/post"}],"author":[{"embeddable":true,"href":"https:\/\/www.actualidadadiario.com\/index.php\/wp-json\/wp\/v2\/users\/3"}],"replies":[{"embeddable":true,"href":"https:\/\/www.actualidadadiario.com\/index.php\/wp-json\/wp\/v2\/comments?post=105465"}],"version-history":[{"count":1,"href":"https:\/\/www.actualidadadiario.com\/index.php\/wp-json\/wp\/v2\/posts\/105465\/revisions"}],"predecessor-version":[{"id":105466,"href":"https:\/\/www.actualidadadiario.com\/index.php\/wp-json\/wp\/v2\/posts\/105465\/revisions\/105466"}],"wp:featuredmedia":[{"embeddable":true,"href":"https:\/\/www.actualidadadiario.com\/index.php\/wp-json\/wp\/v2\/media\/104540"}],"wp:attachment":[{"href":"https:\/\/www.actualidadadiario.com\/index.php\/wp-json\/wp\/v2\/media?parent=105465"}],"wp:term":[{"taxonomy":"category","embeddable":true,"href":"https:\/\/www.actualidadadiario.com\/index.php\/wp-json\/wp\/v2\/categories?post=105465"},{"taxonomy":"post_tag","embeddable":true,"href":"https:\/\/www.actualidadadiario.com\/index.php\/wp-json\/wp\/v2\/tags?post=105465"}],"curies":[{"name":"wp","href":"https:\/\/api.w.org\/{rel}","templated":true}]}}