{"id":105449,"date":"2023-07-27T12:21:42","date_gmt":"2023-07-27T15:21:42","guid":{"rendered":"https:\/\/www.actualidadadiario.com\/?p=105449"},"modified":"2023-07-27T12:21:42","modified_gmt":"2023-07-27T15:21:42","slug":"larreta-y-morales-estaran-junto-a-frigerio-este-jueves-en-parana","status":"publish","type":"post","link":"https:\/\/www.actualidadadiario.com\/index.php\/2023\/07\/27\/larreta-y-morales-estaran-junto-a-frigerio-este-jueves-en-parana\/","title":{"rendered":"Larreta y Morales estar\u00e1n junto a Frigerio este jueves en Paran\u00e1"},"content":{"rendered":"<p style=\"text-align: center;\"><em><strong>El precandidato a gobernador de Juntos por Entre R\u00edos, Rogelio Frigerio, recibir\u00e1 este jueves en la capital provincial a la f\u00f3rmula de precandidatos presidenciales Horacio Rodr\u00edguez Larreta y Gerardo Morales para participar del ciclo conferencias &#8220;Entre R\u00edos 2023: Perspectiva de Gobierno&#8221;. Luego se reunir\u00e1n con empresarios av\u00edcolas de Viale<\/strong><\/em><\/p>\n<p>&nbsp;<\/p>\n<p>&nbsp;<\/p>\n<p>La primera actividad de los referentes ser\u00e1 el ciclo de conferencias &#8220;Entre R\u00edos 2023: Perspectiva de Gobierno&#8221;, que se llevar\u00e1 adelante a las 14 en el Sal\u00f3n de actos de la Facultad de Ciencias Econ\u00f3micas de la Universidad Nacional de Entre R\u00edos.<\/p>\n<p>All\u00ed disertar\u00e1n Frigerio y Larreta sobre Educaci\u00f3n y Econom\u00eda, claves para el desarrollo sustentable.<\/p>\n<p>Luego se trasladar\u00e1n a la localidad de Viale para participar de una reuni\u00f3n con empresarios Av\u00edcolas y realizar un anuncio con propuestas para el sector. Finalmente, Frigerio, Larreta y Morales tendr\u00e1n un encuentro con la militancia en Viale Football Club.<\/p>\n","protected":false},"excerpt":{"rendered":"<p>El precandidato a gobernador de Juntos por Entre R\u00edos, Rogelio Frigerio, recibir\u00e1 este jueves en la capital provincial a la f\u00f3rmula de precandidatos presidenciales Horacio Rodr\u00edguez Larreta y Gerardo Morales para participar del ciclo conferencias &#8220;Entre R\u00edos 2023: Perspectiva de Gobierno&#8221;. Luego se reunir\u00e1n con empresarios av\u00edcolas de Viale &nbsp; &nbsp; La primera actividad de los referentes ser\u00e1 el ciclo de conferencias &#8220;Entre R\u00edos 2023: Perspectiva de Gobierno&#8221;, que se llevar\u00e1 adelante a las 14 en el Sal\u00f3n de actos de la Facultad de Ciencias Econ\u00f3micas de la Universidad Nacional&#8230;<\/p>\n","protected":false},"author":3,"featured_media":105450,"comment_status":"closed","ping_status":"closed","sticky":false,"template":"","format":"standard","meta":[],"categories":[15],"tags":[],"_links":{"self":[{"href":"https:\/\/www.actualidadadiario.com\/index.php\/wp-json\/wp\/v2\/posts\/105449"}],"collection":[{"href":"https:\/\/www.actualidadadiario.com\/index.php\/wp-json\/wp\/v2\/posts"}],"about":[{"href":"https:\/\/www.actualidadadiario.com\/index.php\/wp-json\/wp\/v2\/types\/post"}],"author":[{"embeddable":true,"href":"https:\/\/www.actualidadadiario.com\/index.php\/wp-json\/wp\/v2\/users\/3"}],"replies":[{"embeddable":true,"href":"https:\/\/www.actualidadadiario.com\/index.php\/wp-json\/wp\/v2\/comments?post=105449"}],"version-history":[{"count":1,"href":"https:\/\/www.actualidadadiario.com\/index.php\/wp-json\/wp\/v2\/posts\/105449\/revisions"}],"predecessor-version":[{"id":105451,"href":"https:\/\/www.actualidadadiario.com\/index.php\/wp-json\/wp\/v2\/posts\/105449\/revisions\/105451"}],"wp:featuredmedia":[{"embeddable":true,"href":"https:\/\/www.actualidadadiario.com\/index.php\/wp-json\/wp\/v2\/media\/105450"}],"wp:attachment":[{"href":"https:\/\/www.actualidadadiario.com\/index.php\/wp-json\/wp\/v2\/media?parent=105449"}],"wp:term":[{"taxonomy":"category","embeddable":true,"href":"https:\/\/www.actualidadadiario.com\/index.php\/wp-json\/wp\/v2\/categories?post=105449"},{"taxonomy":"post_tag","embeddable":true,"href":"https:\/\/www.actualidadadiario.com\/index.php\/wp-json\/wp\/v2\/tags?post=105449"}],"curies":[{"name":"wp","href":"https:\/\/api.w.org\/{rel}","templated":true}]}}