{"id":105446,"date":"2023-07-27T12:20:55","date_gmt":"2023-07-27T15:20:55","guid":{"rendered":"https:\/\/www.actualidadadiario.com\/?p=105446"},"modified":"2023-07-27T12:20:55","modified_gmt":"2023-07-27T15:20:55","slug":"aumentaron-las-tarifas-para-cruzar-el-tunel-subfluvial","status":"publish","type":"post","link":"https:\/\/www.actualidadadiario.com\/index.php\/2023\/07\/27\/aumentaron-las-tarifas-para-cruzar-el-tunel-subfluvial\/","title":{"rendered":"Aumentaron las tarifas para cruzar el T\u00fanel Subfluvial"},"content":{"rendered":"<p style=\"text-align: center;\"><em><strong>El T\u00fanel Subfluvial \u201cRa\u00fal Uranga \u2013 Carlos Sylvestre Begnis\u201d aplic\u00f3 una actualizaci\u00f3n del cuadro tarifario para el cruce de veh\u00edculos. Los nuevos montos rigen desde las 00:00 horas de este 27 de julio<\/strong><\/em><\/p>\n<p>&nbsp;<\/p>\n<p>&nbsp;<\/p>\n<p>\u201cEsta medida resulta indispensable para garantizar el correcto mantenimiento del viaducto, su seguridad y la continuidad de las obras indispensables para ello\u201d, se indic\u00f3 desde el enlace interprovincial y se remarc\u00f3 que se trata de \u201cuna entidad que no recibe subsidios ni subvenciones de ninguna clase, como s\u00ed ocurre con otros corredores viales\u201d.<\/p>\n<p>Asimismo, se ratific\u00f3 la vigencia de la Resoluci\u00f3n Interministerial que otorgan descuentos del 50% para usuarios frecuente de autom\u00f3vil, y del 20% para el transporte de carga y de pasajeros de empresas con domicilio en las provincias de Santa Fe y Entre R\u00edos.<\/p>\n<p>&nbsp;<\/p>\n<p><strong>Nuevos montos<\/strong><\/p>\n<p><strong>Altura menor a 2.10 metros<\/strong><\/p>\n<p>-Veh\u00edculos de hasta 2 ejes y ruedas simples. Motos-Autos-Pick-up, ambulancias-combis o trafics, etc<\/p>\n<p>$300<\/p>\n<p>&nbsp;<\/p>\n<p>-Veh\u00edculos de 3 y 4 ejes y ruedas simples. Autos o pick-up con remolque (lancha, casa rodante, acoplados de menos de 2,10 m de altura), cases rodantes autopropulsadas, pick-up de 3 ejes.<\/p>\n<p>$800<\/p>\n<p>&nbsp;<\/p>\n<p><strong>Altura mayor a 2.10 metros<\/strong><\/p>\n<p>-Veh\u00edculos de 2 ejes. Camiones \u2013 \u00d3mnibus \u2013 Maquinaria agr\u00edcola o Vial y cualquier otro tipo de veh\u00edculo con las caracter\u00edsticas antes mencionadas.<\/p>\n<p>$1300<\/p>\n<p>&nbsp;<\/p>\n<p>-Veh\u00edculos de 3 ejes. Camiones \u2013 \u00d3mnibus \u2013 Maquinaria agr\u00edcola o Vial y cualquier otro tipo de veh\u00edculo con las caracter\u00edsticas antes mencionadas.<\/p>\n<p>$1800<\/p>\n<p>&nbsp;<\/p>\n<p>-Veh\u00edculos de 4 ejes. Camiones \u2013 \u00d3mnibus \u2013 Maquinaria agr\u00edcola o Vial y cualquier otro tipo de veh\u00edculo con las caracter\u00edsticas antes mencionadas.<\/p>\n<p>$2100<\/p>\n<p>&nbsp;<\/p>\n<p>-Veh\u00edculos de 5 ejes. Camiones \u2013 \u00d3mnibus \u2013 Maquinaria agr\u00edcola o Vial y cualquier otro tipo de veh\u00edculo con las caracter\u00edsticas antes mencionadas.<\/p>\n<p>$2600<\/p>\n<p>&nbsp;<\/p>\n<p>-Veh\u00edculos de 6 ejes. Camiones \u2013 \u00d3mnibus \u2013 Maquinaria agr\u00edcola o Vial y cualquier otro tipo de veh\u00edculo con las caracter\u00edsticas antes mencionadas.<\/p>\n<p>$2800<\/p>\n<p>&nbsp;<\/p>\n<p>TARIFA ADICIONAL POR CRUCE DE ASFALTO $12000<\/p>\n<p>TARIFA ADICIONAL POR CORTE DE TR\u00c1NSITO $12000<\/p>\n<p>Tarifario vigente a partir de las 0.00 horas del d\u00eda 27 de julio de 2023<\/p>\n","protected":false},"excerpt":{"rendered":"<p>El T\u00fanel Subfluvial \u201cRa\u00fal Uranga \u2013 Carlos Sylvestre Begnis\u201d aplic\u00f3 una actualizaci\u00f3n del cuadro tarifario para el cruce de veh\u00edculos. Los nuevos montos rigen desde las 00:00 horas de este 27 de julio &nbsp; &nbsp; \u201cEsta medida resulta indispensable para garantizar el correcto mantenimiento del viaducto, su seguridad y la continuidad de las obras indispensables para ello\u201d, se indic\u00f3 desde el enlace interprovincial y se remarc\u00f3 que se trata de \u201cuna entidad que no recibe subsidios ni subvenciones de ninguna clase, como s\u00ed ocurre con otros corredores viales\u201d. Asimismo, se&#8230;<\/p>\n","protected":false},"author":3,"featured_media":105447,"comment_status":"closed","ping_status":"closed","sticky":false,"template":"","format":"standard","meta":[],"categories":[9],"tags":[],"_links":{"self":[{"href":"https:\/\/www.actualidadadiario.com\/index.php\/wp-json\/wp\/v2\/posts\/105446"}],"collection":[{"href":"https:\/\/www.actualidadadiario.com\/index.php\/wp-json\/wp\/v2\/posts"}],"about":[{"href":"https:\/\/www.actualidadadiario.com\/index.php\/wp-json\/wp\/v2\/types\/post"}],"author":[{"embeddable":true,"href":"https:\/\/www.actualidadadiario.com\/index.php\/wp-json\/wp\/v2\/users\/3"}],"replies":[{"embeddable":true,"href":"https:\/\/www.actualidadadiario.com\/index.php\/wp-json\/wp\/v2\/comments?post=105446"}],"version-history":[{"count":1,"href":"https:\/\/www.actualidadadiario.com\/index.php\/wp-json\/wp\/v2\/posts\/105446\/revisions"}],"predecessor-version":[{"id":105448,"href":"https:\/\/www.actualidadadiario.com\/index.php\/wp-json\/wp\/v2\/posts\/105446\/revisions\/105448"}],"wp:featuredmedia":[{"embeddable":true,"href":"https:\/\/www.actualidadadiario.com\/index.php\/wp-json\/wp\/v2\/media\/105447"}],"wp:attachment":[{"href":"https:\/\/www.actualidadadiario.com\/index.php\/wp-json\/wp\/v2\/media?parent=105446"}],"wp:term":[{"taxonomy":"category","embeddable":true,"href":"https:\/\/www.actualidadadiario.com\/index.php\/wp-json\/wp\/v2\/categories?post=105446"},{"taxonomy":"post_tag","embeddable":true,"href":"https:\/\/www.actualidadadiario.com\/index.php\/wp-json\/wp\/v2\/tags?post=105446"}],"curies":[{"name":"wp","href":"https:\/\/api.w.org\/{rel}","templated":true}]}}