{"id":105443,"date":"2023-07-27T12:20:02","date_gmt":"2023-07-27T15:20:02","guid":{"rendered":"https:\/\/www.actualidadadiario.com\/?p=105443"},"modified":"2023-07-27T12:20:02","modified_gmt":"2023-07-27T15:20:02","slug":"frigerio-desconoce-absolutamente-la-realidad-entrerriana-apunto-el-diputado-nestor-loggio","status":"publish","type":"post","link":"https:\/\/www.actualidadadiario.com\/index.php\/2023\/07\/27\/frigerio-desconoce-absolutamente-la-realidad-entrerriana-apunto-el-diputado-nestor-loggio\/","title":{"rendered":"\u201cFrigerio desconoce absolutamente la realidad entrerriana\u201d, apunt\u00f3 el diputado N\u00e9stor Loggio"},"content":{"rendered":"<p style=\"text-align: center;\"><em><strong>El diputado provincial brind\u00f3 declaraciones radiales en relaci\u00f3n a diversos aspectos de la campa\u00f1a pol\u00edtica y de la actualidad econ\u00f3mica y social de la provincia de Entre R\u00edos<\/strong><\/em><\/p>\n<p>&nbsp;<\/p>\n<p>&nbsp;<\/p>\n<p>El legislador fue enf\u00e1tico al afirmar que la campa\u00f1a \u201cse desarrolla en dos rumbos\u201d, ya que por un lado, se encuentran \u201cquienes tienen responsabilidades de gobernar y resolver problemas, como es el caso de Gustavo Bordet y, por otro lado, quienes vienen de visita a Entre R\u00edos, hacen declaraciones en los medios y se vuelven a vivir a Capital Federal, como es el caso de Rogelio Frigerio\u201d.<\/p>\n<p>Loggio defini\u00f3 al PRO como \u201cun partido capitalino que exporta gerentes\u201d. En tal sentido, mencion\u00f3 que Frigerio tiene un domicilio fiscal en Villa Paranacito, porque ah\u00ed tiene un emprendimiento econ\u00f3mico \u201cpero no es un entrerriano, no vive en la provincia, no siente la vida, la cultura, la educaci\u00f3n, la salud entrerriana\u201d.<\/p>\n<p>El diputado provincial se refiri\u00f3 a las declaraciones medi\u00e1ticas de Frigerio quien \u201cdesconoce absolutamente la realidad\u201d, dijo.<\/p>\n<p>\u201cEl otro d\u00eda hizo una presentaci\u00f3n de su propuesta de salud p\u00fablica y, rodeado de m\u00e9dicos, dijo que Entre R\u00edos tiene 63 hospitales. Y en realidad son 65 los hospitales en nuestra provincia\u201d, detall\u00f3 y agreg\u00f3 que un hombre que quiere ser gobernador no puede desconocer esta cifra exacta.<\/p>\n<p>&nbsp;<\/p>\n<p><strong>Salud p\u00fablica en la provincia<\/strong><\/p>\n<p>Loggio hizo una defensa de la salud p\u00fablica entrerriana al mencionar los di\u00e1logos que mantuvo con directivos de los hospitales Felipe Heras y Masvernat de Concordia.<\/p>\n<p>\u201cLa guardia del hospital Masvernat atiende aproximadamente 25.000 personas por mes. A su vez se realizan cirug\u00edas comunes y de alta complejidad, absolutamente gratis\u201d, dijo.<\/p>\n<p>\u201cEntonces, venir de Capital Federal e instalarse en Entre R\u00edos a hablar del sistema de salud p\u00fablica sin conocer c\u00f3mo funciona realmente me parece muy oportunista\u201d, expres\u00f3 en relaci\u00f3n a las declaraciones de Frigerio.<\/p>\n<p>\u201cNo podemos callarnos la boca cuando viene un gerente de la Capital Federal a pontificar con el dedo lo que nosotros conocemos de la realidad diaria y de las respuestas concretas que se le dan a los entrerrianos\u201d, agreg\u00f3.<\/p>\n<p>&nbsp;<\/p>\n<p><strong>Actualidad productiva en Entre R\u00edos<\/strong><\/p>\n<p>Loggio se refiri\u00f3 adem\u00e1s al \u00e1mbito productivo de la provincia, en tal sentido record\u00f3 que Frigerio prometi\u00f3 bajar los impuestos en caso de llegar a la gobernaci\u00f3n. \u201cEst\u00e1 tan mal informado, porque incluso su propio bloque de diputados y de senadores votaron leyes por unanimidad conjuntamente con el oficialismo para promocionar a sectores productivos\u201d, record\u00f3.<\/p>\n<p>A modo de ejemplo, el legislador mencion\u00f3 la ley de Promoci\u00f3n Industrial, de la que fue coautor junto al equipo t\u00e9cnico de la Secretar\u00eda de Industria. \u201cNosotros estamos promoviendo las industrias de Entre R\u00edos por 15 a\u00f1os, toda la radicaci\u00f3n industrial de micros, peque\u00f1as, medianas y grandes empresas en la provincia de Entre R\u00edos tienen por 15 a\u00f1os la posibilidad de estar exentas en ingresos brutos, en impuestos inmobiliarios, en patentes, en sellos\u201d, explic\u00f3.<\/p>\n<p>Loggio record\u00f3 adem\u00e1s que, actualmente, \u201cen Entre R\u00edos las peque\u00f1as y medianas empresas no pagan ingresos brutos, solo lo pagan el 8% del total de las empresas, que son alrededor de 1300 en Entre R\u00edos, pagan el 1,25% o el 1,5% en funci\u00f3n del tama\u00f1o de la empresa. \u201cEl 93% de la actividad productiva de la provincia est\u00e1 exenta, solo tributa el 7% que son grandes empresas\u201d, mencion\u00f3.<\/p>\n<p>En relaci\u00f3n al presente electoral, Loggio dijo que \u201cest\u00e1 bien que discutamos ideas en las campa\u00f1as electorales porque para eso son, pero tenemos que discutirlas con datos de la realidad, no se pueden discutir desde la ficci\u00f3n y desde la mentira que es lo que estoy viendo en este momento\u201d.<\/p>\n<p>Finalmente, en relaci\u00f3n a la figura de Ad\u00e1n Bahl como precandidato a gobernador de su espacio pol\u00edtico, Loggio lo destac\u00f3 como un \u201centrerriano nacido y criado en la provincia que ha demostrado en Paran\u00e1 una gesti\u00f3n maravillosa en cuatro a\u00f1os de gobierno. No tengo ninguna duda de que Beto Bahl va a continuar la obra de transparencia y gesti\u00f3n progresista que viene haciendo Gustavo Bordet en estos ocho a\u00f1os de gobernaci\u00f3n\u201d.<\/p>\n","protected":false},"excerpt":{"rendered":"<p>El diputado provincial brind\u00f3 declaraciones radiales en relaci\u00f3n a diversos aspectos de la campa\u00f1a pol\u00edtica y de la actualidad econ\u00f3mica y social de la provincia de Entre R\u00edos &nbsp; &nbsp; El legislador fue enf\u00e1tico al afirmar que la campa\u00f1a \u201cse desarrolla en dos rumbos\u201d, ya que por un lado, se encuentran \u201cquienes tienen responsabilidades de gobernar y resolver problemas, como es el caso de Gustavo Bordet y, por otro lado, quienes vienen de visita a Entre R\u00edos, hacen declaraciones en los medios y se vuelven a vivir a Capital Federal,&#8230;<\/p>\n","protected":false},"author":3,"featured_media":105444,"comment_status":"closed","ping_status":"closed","sticky":false,"template":"","format":"standard","meta":[],"categories":[15],"tags":[],"_links":{"self":[{"href":"https:\/\/www.actualidadadiario.com\/index.php\/wp-json\/wp\/v2\/posts\/105443"}],"collection":[{"href":"https:\/\/www.actualidadadiario.com\/index.php\/wp-json\/wp\/v2\/posts"}],"about":[{"href":"https:\/\/www.actualidadadiario.com\/index.php\/wp-json\/wp\/v2\/types\/post"}],"author":[{"embeddable":true,"href":"https:\/\/www.actualidadadiario.com\/index.php\/wp-json\/wp\/v2\/users\/3"}],"replies":[{"embeddable":true,"href":"https:\/\/www.actualidadadiario.com\/index.php\/wp-json\/wp\/v2\/comments?post=105443"}],"version-history":[{"count":1,"href":"https:\/\/www.actualidadadiario.com\/index.php\/wp-json\/wp\/v2\/posts\/105443\/revisions"}],"predecessor-version":[{"id":105445,"href":"https:\/\/www.actualidadadiario.com\/index.php\/wp-json\/wp\/v2\/posts\/105443\/revisions\/105445"}],"wp:featuredmedia":[{"embeddable":true,"href":"https:\/\/www.actualidadadiario.com\/index.php\/wp-json\/wp\/v2\/media\/105444"}],"wp:attachment":[{"href":"https:\/\/www.actualidadadiario.com\/index.php\/wp-json\/wp\/v2\/media?parent=105443"}],"wp:term":[{"taxonomy":"category","embeddable":true,"href":"https:\/\/www.actualidadadiario.com\/index.php\/wp-json\/wp\/v2\/categories?post=105443"},{"taxonomy":"post_tag","embeddable":true,"href":"https:\/\/www.actualidadadiario.com\/index.php\/wp-json\/wp\/v2\/tags?post=105443"}],"curies":[{"name":"wp","href":"https:\/\/api.w.org\/{rel}","templated":true}]}}