{"id":105440,"date":"2023-07-27T12:19:14","date_gmt":"2023-07-27T15:19:14","guid":{"rendered":"https:\/\/www.actualidadadiario.com\/?p=105440"},"modified":"2023-07-27T12:19:14","modified_gmt":"2023-07-27T15:19:14","slug":"milei-llego-de-sorpresa-parana-y-recorrio-la-peatonal","status":"publish","type":"post","link":"https:\/\/www.actualidadadiario.com\/index.php\/2023\/07\/27\/milei-llego-de-sorpresa-parana-y-recorrio-la-peatonal\/","title":{"rendered":"Milei lleg\u00f3 de sorpresa Paran\u00e1 y recorri\u00f3 la Peatonal"},"content":{"rendered":"<p style=\"text-align: center;\"><em><strong>El precandidato lleg\u00f3 este mi\u00e9rcoles por la tarde a la capital entrerriana. &#8220;Me trataron muy bien cuando vine la \u00faltima vez y quise volver&#8221;, dijo<\/strong><\/em><\/p>\n<p>&nbsp;<\/p>\n<p>&nbsp;<\/p>\n<p>El candidato a presidente de La Libertad Avanza, Javier Milei, lleg\u00f3 sin anunciarse a la capital entrerriana y sorprendi\u00f3 a quienes transitaban por la peatonal. \u201cMe trataron muy bien cuando vine la \u00faltima vez y quise volver\u201d, dijo al bajar del veh\u00edculo que lo trasladaba, para luego exclamar: \u201cViva la libertad, carajo\u201d.<\/p>\n<p>En la intersecci\u00f3n de peatonal San Mart\u00edn y Alem aguardaban a Milei, el candidato a gobernador, Sebasti\u00e1n Etchevehere; la candidata a vicegobernadora, Mayda Spiazzi, y los candidatos, a diputado nacional, Beltr\u00e1n Benedit, y a diputado provincial, Carlos Damasco. Tambi\u00e9n estuvo la hermana del candidato, Karina Milei.<\/p>\n<p>Cerca de las 17 horas de esta tarde, Milei lleg\u00f3 y provoc\u00f3 gran revuelo en transe\u00fantes, por lo que r\u00e1pidamente se concentr\u00f3 una gran cantidad de personas, entre j\u00f3venes y adultos, que quer\u00edan fotografiarse con el candidato y demostrarle su apoyo. Milei camin\u00f3 rodeado de las personas que lo abrazaban, mientras entablaba di\u00e1logo con vecinos y comerciantes.<\/p>\n<p>El candidato de la Libertad Avanza estuvo previamente en la ciudad de Rosario, en el marco del Tour de la Libertad, con el que llegar\u00e1 ma\u00f1ana a Santa Fe y finalmente a C\u00f3rdoba, de cara a las PASO.<\/p>\n","protected":false},"excerpt":{"rendered":"<p>El precandidato lleg\u00f3 este mi\u00e9rcoles por la tarde a la capital entrerriana. &#8220;Me trataron muy bien cuando vine la \u00faltima vez y quise volver&#8221;, dijo &nbsp; &nbsp; El candidato a presidente de La Libertad Avanza, Javier Milei, lleg\u00f3 sin anunciarse a la capital entrerriana y sorprendi\u00f3 a quienes transitaban por la peatonal. \u201cMe trataron muy bien cuando vine la \u00faltima vez y quise volver\u201d, dijo al bajar del veh\u00edculo que lo trasladaba, para luego exclamar: \u201cViva la libertad, carajo\u201d. En la intersecci\u00f3n de peatonal San Mart\u00edn y Alem aguardaban a&#8230;<\/p>\n","protected":false},"author":3,"featured_media":105441,"comment_status":"closed","ping_status":"closed","sticky":false,"template":"","format":"standard","meta":[],"categories":[15],"tags":[],"_links":{"self":[{"href":"https:\/\/www.actualidadadiario.com\/index.php\/wp-json\/wp\/v2\/posts\/105440"}],"collection":[{"href":"https:\/\/www.actualidadadiario.com\/index.php\/wp-json\/wp\/v2\/posts"}],"about":[{"href":"https:\/\/www.actualidadadiario.com\/index.php\/wp-json\/wp\/v2\/types\/post"}],"author":[{"embeddable":true,"href":"https:\/\/www.actualidadadiario.com\/index.php\/wp-json\/wp\/v2\/users\/3"}],"replies":[{"embeddable":true,"href":"https:\/\/www.actualidadadiario.com\/index.php\/wp-json\/wp\/v2\/comments?post=105440"}],"version-history":[{"count":1,"href":"https:\/\/www.actualidadadiario.com\/index.php\/wp-json\/wp\/v2\/posts\/105440\/revisions"}],"predecessor-version":[{"id":105442,"href":"https:\/\/www.actualidadadiario.com\/index.php\/wp-json\/wp\/v2\/posts\/105440\/revisions\/105442"}],"wp:featuredmedia":[{"embeddable":true,"href":"https:\/\/www.actualidadadiario.com\/index.php\/wp-json\/wp\/v2\/media\/105441"}],"wp:attachment":[{"href":"https:\/\/www.actualidadadiario.com\/index.php\/wp-json\/wp\/v2\/media?parent=105440"}],"wp:term":[{"taxonomy":"category","embeddable":true,"href":"https:\/\/www.actualidadadiario.com\/index.php\/wp-json\/wp\/v2\/categories?post=105440"},{"taxonomy":"post_tag","embeddable":true,"href":"https:\/\/www.actualidadadiario.com\/index.php\/wp-json\/wp\/v2\/tags?post=105440"}],"curies":[{"name":"wp","href":"https:\/\/api.w.org\/{rel}","templated":true}]}}