{"id":105437,"date":"2023-07-27T12:18:00","date_gmt":"2023-07-27T15:18:00","guid":{"rendered":"https:\/\/www.actualidadadiario.com\/?p=105437"},"modified":"2023-07-27T12:18:00","modified_gmt":"2023-07-27T15:18:00","slug":"larreta-hablo-de-la-pobreza-en-concordia-y-cresto-le-respondio-que-aqui-no-hay-familias-durmiendo-en-los-cajeros-como-en-buenos-aires","status":"publish","type":"post","link":"https:\/\/www.actualidadadiario.com\/index.php\/2023\/07\/27\/larreta-hablo-de-la-pobreza-en-concordia-y-cresto-le-respondio-que-aqui-no-hay-familias-durmiendo-en-los-cajeros-como-en-buenos-aires\/","title":{"rendered":"Larreta habl\u00f3 de la pobreza en Concordia y Cresto le respondi\u00f3 que aqu\u00ed \u201cno hay familias durmiendo en los cajeros como en Buenos Aires\u201d"},"content":{"rendered":"<p style=\"text-align: center;\"><em><strong>El intendente Enrique Cresto hizo esas declaraciones al recorrer el Hogar de Tr\u00e1nsito Municipal, que atiende a personas vulnerables en situaci\u00f3n de calle y brinda \u201casistencia, contenci\u00f3n y acompa\u00f1amiento\u201d, se remarc\u00f3 desde la comuna<\/strong><\/em><\/p>\n<p>&nbsp;<\/p>\n<p>&nbsp;<\/p>\n<p>Cresto estuvo acompa\u00f1ado por el secretario de Desarrollo Social, Jorge Mendieta, y la coordinadora municipal para la Reinserci\u00f3n e Integraci\u00f3n de Personas en Situaci\u00f3n de Calle, Silvia Castillo.<\/p>\n<p>\u201cVinimos al hogar porque estamos reforzando el trabajo que lleva adelante este espacio, tanto en este \u00e1mbito como en los operativos que realizan en las calles, principalmente en las noches de bajas temperaturas\u201d, coment\u00f3 el Intendente.<\/p>\n<p>El jefe comunal destac\u00f3 que \u201cen los \u00faltimos a\u00f1os, este espacio municipal represent\u00f3 para mucha gente una puerta abierta a una vida diferente, una salida laboral y la posibilidad de un proceso de reinserci\u00f3n para personas que por diferentes circunstancias llegaron a una situaci\u00f3n de vulnerabilidad o riesgo social\u201d, explic\u00f3 Cresto.<\/p>\n<p>&nbsp;<\/p>\n<p><strong>Respuesta a Larreta<\/strong><\/p>\n<p>En ese marco, afirm\u00f3 que \u201ces importante conocer y defender la labor que cumple este hogar, principalmente cuando candidatos en campa\u00f1a, como Horacio Rodr\u00edguez Larreta, hablan de la pobreza, pero se olvidan de las familias que duermen en los cajeros de los bancos o viven en las calles c\u00e9ntricas de Buenos Aires, una de las ciudades m\u00e1s privilegiadas y donde Cambiemos gobierna desde hace a\u00f1os\u201d, enfatiz\u00f3 el jefe comunal.<\/p>\n<p>En su respuesta, enfatiz\u00f3 que \u201cen Concordia no hay personas abandonadas en las calles, porque tenemos programas y pol\u00edticas que dan respuestas, instituciones y organizaciones que trabajan en equipo y una comunidad solidaria que al detectar estas situaciones recurre al municipio para resolverlas\u201d, a\u00f1adi\u00f3. \u201cLo mismo ocurre con los que vienen sin recursos de otras provincias, los que padecen adicciones, son v\u00edctimas de violencia o necesitan un lugar donde quedarse temporalmente\u201d, concluy\u00f3.<\/p>\n<p>&nbsp;<\/p>\n<p><strong>Vida diferente<\/strong><\/p>\n<p>Por su parte, Silvia Castillo, coordinadora municipal para la Reinserci\u00f3n e Integraci\u00f3n de Personas en Situaci\u00f3n de Calle, rese\u00f1\u00f3 que \u201cdesde que comenzamos, m\u00e1s de 270 personas pasaron por el Hogar por diferentes problem\u00e1ticas\u201d, subrayando que \u201cac\u00e1 se brinda asistencia y contenci\u00f3n todos los d\u00edas del a\u00f1o a personas en situaci\u00f3n de calle, sobre todo en invierno\u201d, puntualiz\u00f3.<\/p>\n<p>Entre las atenciones del espacio, Castillo subray\u00f3 que \u201cse brinda asistencia por violencia de g\u00e9nero, a personas mayores, j\u00f3venes con adicciones, extranjeros y personas de otras provincias que llegan a Concordia en busca de trabajo. Actualmente, residen 23 personas en el hogar. Algunas pertenecen al programa que posibilit\u00f3 que los trapitos y cuidacoches ya no est\u00e9n en el centro y en las esquinas, porque desde ac\u00e1 organizamos para que colaboren en el hogar y adem\u00e1s brindan servicio en diferentes lugares. Otros asisten a centros de rehabilitaci\u00f3n y otros trabajan en la cosecha\u201d, especific\u00f3 la funcionaria.<\/p>\n<p>Para finalizar, dijo que \u201cel Intendente marc\u00f3 claramente como prioridad que este no sea solo un lugar d\u00f3nde venir a dormir y a buscar un plato de comida. Por eso nos enfocamos en lo humano, no solo en lo asistencial. Profundizamos en cada caso, trabajamos en equipo con las diferentes \u00e1reas gubernamentales y siempre apuntamos a que la gente consiga trabajo, desarrolle un proyecto laboral o social y que, en definitiva, pueda comenzar una vida diferente\u201d, concluy\u00f3.<\/p>\n","protected":false},"excerpt":{"rendered":"<p>El intendente Enrique Cresto hizo esas declaraciones al recorrer el Hogar de Tr\u00e1nsito Municipal, que atiende a personas vulnerables en situaci\u00f3n de calle y brinda \u201casistencia, contenci\u00f3n y acompa\u00f1amiento\u201d, se remarc\u00f3 desde la comuna &nbsp; &nbsp; Cresto estuvo acompa\u00f1ado por el secretario de Desarrollo Social, Jorge Mendieta, y la coordinadora municipal para la Reinserci\u00f3n e Integraci\u00f3n de Personas en Situaci\u00f3n de Calle, Silvia Castillo. \u201cVinimos al hogar porque estamos reforzando el trabajo que lleva adelante este espacio, tanto en este \u00e1mbito como en los operativos que realizan en las calles,&#8230;<\/p>\n","protected":false},"author":3,"featured_media":105438,"comment_status":"closed","ping_status":"closed","sticky":false,"template":"","format":"standard","meta":[],"categories":[15],"tags":[],"_links":{"self":[{"href":"https:\/\/www.actualidadadiario.com\/index.php\/wp-json\/wp\/v2\/posts\/105437"}],"collection":[{"href":"https:\/\/www.actualidadadiario.com\/index.php\/wp-json\/wp\/v2\/posts"}],"about":[{"href":"https:\/\/www.actualidadadiario.com\/index.php\/wp-json\/wp\/v2\/types\/post"}],"author":[{"embeddable":true,"href":"https:\/\/www.actualidadadiario.com\/index.php\/wp-json\/wp\/v2\/users\/3"}],"replies":[{"embeddable":true,"href":"https:\/\/www.actualidadadiario.com\/index.php\/wp-json\/wp\/v2\/comments?post=105437"}],"version-history":[{"count":1,"href":"https:\/\/www.actualidadadiario.com\/index.php\/wp-json\/wp\/v2\/posts\/105437\/revisions"}],"predecessor-version":[{"id":105439,"href":"https:\/\/www.actualidadadiario.com\/index.php\/wp-json\/wp\/v2\/posts\/105437\/revisions\/105439"}],"wp:featuredmedia":[{"embeddable":true,"href":"https:\/\/www.actualidadadiario.com\/index.php\/wp-json\/wp\/v2\/media\/105438"}],"wp:attachment":[{"href":"https:\/\/www.actualidadadiario.com\/index.php\/wp-json\/wp\/v2\/media?parent=105437"}],"wp:term":[{"taxonomy":"category","embeddable":true,"href":"https:\/\/www.actualidadadiario.com\/index.php\/wp-json\/wp\/v2\/categories?post=105437"},{"taxonomy":"post_tag","embeddable":true,"href":"https:\/\/www.actualidadadiario.com\/index.php\/wp-json\/wp\/v2\/tags?post=105437"}],"curies":[{"name":"wp","href":"https:\/\/api.w.org\/{rel}","templated":true}]}}