{"id":105419,"date":"2023-07-26T15:01:04","date_gmt":"2023-07-26T18:01:04","guid":{"rendered":"https:\/\/www.actualidadadiario.com\/?p=105419"},"modified":"2023-07-26T15:01:04","modified_gmt":"2023-07-26T18:01:04","slug":"los-incidentes-en-torno-del-coran-se-expanden-como-mancha-de-aceite","status":"publish","type":"post","link":"https:\/\/www.actualidadadiario.com\/index.php\/2023\/07\/26\/los-incidentes-en-torno-del-coran-se-expanden-como-mancha-de-aceite\/","title":{"rendered":"Los incidentes en torno del Cor\u00e1n se expanden como mancha de aceite"},"content":{"rendered":"<p style=\"text-align: center;\"><em><strong>Copenhague volvi\u00f3 a ser el centro mundial de las profanaciones y los repudios se extendieron a Egipto y Turqu\u00eda<\/strong><\/em><\/p>\n<p>&nbsp;<\/p>\n<p>&nbsp;<\/p>\n<p>Un peque\u00f1o grupo de activistas antiisl\u00e1micos prendi\u00f3 fuego a coranes frente a las embajadas egipcia y turca en Copenhague despu\u00e9s de protestas similares en Dinamarca y Suecia en las \u00faltimas semanas, algo que enaredeci\u00f3 a los musulmanes.<\/p>\n<p>Dinamarca y Suecia deploraron los distintos actos de quema del libro sagrado del Islam, pero dejaron en claro que no pueden evitarlo bajo las reglas protectoras de la libertad de expresi\u00f3n.<\/p>\n<p>La semana pasada, manifestantes en Irak incendiaron la embajada sueca en Bagdad y m\u00e1s recientemente, el Ministerio de Relaciones\u00a0 Exteriores de Turqu\u00eda conden\u00f3 en\u00e9rgicamente los &#8220;ataques continuos&#8221; contra el Cor\u00e1n y agreg\u00f3 que las autoridades danesas que permiten\u00a0 estas acciones no ven la &#8220;gravedad&#8221; de los resultados que pueden tener.<\/p>\n<p>Turqu\u00eda pidi\u00f3 a Dinamarca que tome las medidas necesarias para prevenir este &#8220;crimen de odio&#8221; contra el Islam.<\/p>\n<p>El ministro de Relaciones Exteriores dan\u00e9s, Lars Lokke Rasmussen, revel\u00f3 que hab\u00eda &#8220;mantenido una llamada telef\u00f3nica constructiva&#8221; con el\u00a0 ministro de Relaciones Exteriores iraqu\u00ed, Fuad Husseein, sobre las relaciones de sus pa\u00edses y la quema del Cor\u00e1n.<\/p>\n<p>Egipto convoc\u00f3 al encargado de negocios de Suecia para condenar los incidentes en los que se quemaron copias del Cor\u00e1n, comunic\u00f3 el martes el portavoz del Ministerio de Relaciones Exteriores.<\/p>\n<p>Cinco activistas anti-Islam prendieron fuego a un Cor\u00e1n frente a la embajada egipcia en Copenhague el martes, el tercer incidente de este tipo en Dinamarca en menos de una semana, luego de la quema del Cor\u00e1n en la cercana Suecia, record\u00f3 un informe de la agencia de noticias Reuters.<\/p>\n<p>Egipto inform\u00f3 al encargado de negocios de su &#8220;fuerte condena y completo rechazo&#8230; de los desafortunados y repetidos incidentes de quema y abuso de copias del Sagrado Cor\u00e1n&#8221;, agreg\u00f3 el comunicado.<\/p>\n<p>&nbsp;<\/p>\n<p><strong>Reacci\u00f3n de Borrell<\/strong><\/p>\n<p>El alto representante de la Uni\u00f3n Europea para Asuntos Exteriores, Josep Borrell, subray\u00f3 este mi\u00e9rcoles que la profanaci\u00f3n del Cor\u00e1n es &#8220;ofensiva&#8221; y &#8220;una clara provocaci\u00f3n&#8221;.<\/p>\n<p>&#8220;La profanaci\u00f3n del Cor\u00e1n o de cualquier otro libro considerado sagrado es ofensiva, irrespetuosa y una clara provocaci\u00f3n. Las expresiones de racismo, xenofobia y las formas conexas de intolerancia no tienen cabida en la Uni\u00f3n Europea&#8221;, declar\u00f3 el pol\u00edtico espa\u00f1ol en un comunicado.<\/p>\n<p>Tras &#8220;los recientes actos de individuos en Europa que han ofendido a muchos musulmanes&#8221;, Borrell excus\u00f3 que la UE &#8220;reitera su firme y decidido rechazo a cualquier forma de incitaci\u00f3n al odio religioso y la intolerancia&#8221;.<\/p>\n<p>&#8220;El respeto por la diversidad es un valor fundamental de la Uni\u00f3n Europea. Esto incluye el respeto a otras comunidades religiosas. No todo lo que es legal es \u00e9tico&#8221;, enfatiz\u00f3 el ex ministro espa\u00f1ol.<\/p>\n<p>Borrell afirm\u00f3 que el club comunitario &#8220;sigue defendiendo la libertad de religi\u00f3n o creencia y la libertad de expresi\u00f3n, en el extranjero y en el interior&#8221; de la Uni\u00f3n Europea, seg\u00fan el sitio DW.<\/p>\n<p>Para Borrell, ahora es el momento de &#8220;permanecer juntos a favor del entendimiento y el respeto mutuo&#8221;: &#8220;Estos actos cometidos por provocadores nuestros individuales solo benefician a aquellos que quieren dividirnos a nosotros ya sociedades&#8221;.<\/p>\n","protected":false},"excerpt":{"rendered":"<p>Copenhague volvi\u00f3 a ser el centro mundial de las profanaciones y los repudios se extendieron a Egipto y Turqu\u00eda &nbsp; &nbsp; Un peque\u00f1o grupo de activistas antiisl\u00e1micos prendi\u00f3 fuego a coranes frente a las embajadas egipcia y turca en Copenhague despu\u00e9s de protestas similares en Dinamarca y Suecia en las \u00faltimas semanas, algo que enaredeci\u00f3 a los musulmanes. Dinamarca y Suecia deploraron los distintos actos de quema del libro sagrado del Islam, pero dejaron en claro que no pueden evitarlo bajo las reglas protectoras de la libertad de expresi\u00f3n. La&#8230;<\/p>\n","protected":false},"author":3,"featured_media":105420,"comment_status":"closed","ping_status":"closed","sticky":false,"template":"","format":"standard","meta":[],"categories":[4],"tags":[],"_links":{"self":[{"href":"https:\/\/www.actualidadadiario.com\/index.php\/wp-json\/wp\/v2\/posts\/105419"}],"collection":[{"href":"https:\/\/www.actualidadadiario.com\/index.php\/wp-json\/wp\/v2\/posts"}],"about":[{"href":"https:\/\/www.actualidadadiario.com\/index.php\/wp-json\/wp\/v2\/types\/post"}],"author":[{"embeddable":true,"href":"https:\/\/www.actualidadadiario.com\/index.php\/wp-json\/wp\/v2\/users\/3"}],"replies":[{"embeddable":true,"href":"https:\/\/www.actualidadadiario.com\/index.php\/wp-json\/wp\/v2\/comments?post=105419"}],"version-history":[{"count":1,"href":"https:\/\/www.actualidadadiario.com\/index.php\/wp-json\/wp\/v2\/posts\/105419\/revisions"}],"predecessor-version":[{"id":105421,"href":"https:\/\/www.actualidadadiario.com\/index.php\/wp-json\/wp\/v2\/posts\/105419\/revisions\/105421"}],"wp:featuredmedia":[{"embeddable":true,"href":"https:\/\/www.actualidadadiario.com\/index.php\/wp-json\/wp\/v2\/media\/105420"}],"wp:attachment":[{"href":"https:\/\/www.actualidadadiario.com\/index.php\/wp-json\/wp\/v2\/media?parent=105419"}],"wp:term":[{"taxonomy":"category","embeddable":true,"href":"https:\/\/www.actualidadadiario.com\/index.php\/wp-json\/wp\/v2\/categories?post=105419"},{"taxonomy":"post_tag","embeddable":true,"href":"https:\/\/www.actualidadadiario.com\/index.php\/wp-json\/wp\/v2\/tags?post=105419"}],"curies":[{"name":"wp","href":"https:\/\/api.w.org\/{rel}","templated":true}]}}