{"id":105417,"date":"2023-07-26T15:00:14","date_gmt":"2023-07-26T18:00:14","guid":{"rendered":"https:\/\/www.actualidadadiario.com\/?p=105417"},"modified":"2023-07-26T15:00:14","modified_gmt":"2023-07-26T18:00:14","slug":"italia-prepara-el-estado-de-emergencia-asediada-por-incendios-y-temporales","status":"publish","type":"post","link":"https:\/\/www.actualidadadiario.com\/index.php\/2023\/07\/26\/italia-prepara-el-estado-de-emergencia-asediada-por-incendios-y-temporales\/","title":{"rendered":"Italia prepara el &#8220;estado de emergencia&#8221; asediada por incendios y temporales"},"content":{"rendered":"<p style=\"text-align: center;\"><em><strong>Es para Lombardia, Veneto, Emilia-Roma\u00f1a y Friuli-Venecia-Julia y para la isla de Sicilia, luego de la ola de calor y la declararaci\u00f3n del alerta roja en varias ciudades<\/strong><\/em><\/p>\n<p>&nbsp;<\/p>\n<p>&nbsp;<\/p>\n<p>El Gobierno italiano se prepara para declarar este mi\u00e9rcoles el &#8220;estado de emergencia&#8221; en cinco de las 20 regiones del pa\u00eds luego de la sucesi\u00f3n de incendios, temporales y tormentas que dejaron un saldo de al menos cinco personas muertas en las \u00faltimas horas.<\/p>\n<p>El Consejo de Ministros que encabeza la premier Giorgia Meloni se reunir\u00e1 la tarde de este mi\u00e9rcoles para declarar la emergencia para las norte\u00f1as Lombardia, Veneto, Emilia-Roma\u00f1a y Friuli-Venecia-Julia y para la sure\u00f1a isla de Sicilia luego de la ola de calor que provoc\u00f3 incendios, fuertes temporales de granizos y la declaraci\u00f3n de &#8220;alerta roja&#8221; en varias ciudades del pa\u00eds con picos de hasta 48 grados, inform\u00f3 la cadena RAI.<\/p>\n<p>En las \u00faltimas horas, una adolescente de 16 a\u00f1os muri\u00f3 aplastada por un \u00e1rbol en un campamento en el \u00e1rea de Brescia, en tanto otras tres personas fueron v\u00edctimas de las llamas en los incendios de Palermo y Sicilia, y una quinta falleci\u00f3 por los fuegos en la regi\u00f3n de Reggio Calabria.<\/p>\n<p>Mientras las regiones sure\u00f1as sufren una seguidilla de incendios que obligaron a evacuar a centenares de personas y a cerrar aeropuertos, en el norte se registraron r\u00e1fagas de viento de hasta 110 kil\u00f3metros por hora y granizo que provocaron da\u00f1os y la ca\u00edda de decenas de \u00e1rboles.<\/p>\n<p>Este mi\u00e9rcoles, el presidente italiano, Sergio Mattarella, y su par griega, Katerina Sakellaropoulou, coincidieron durante una conversaci\u00f3n telef\u00f3nica en la fuerte preocupaci\u00f3n compartida &#8220;por la emergencia clim\u00e1tica que golpea con especial violencia a la regi\u00f3n mediterr\u00e1nea&#8221;, inform\u00f3 un comunicado oficial.<\/p>\n","protected":false},"excerpt":{"rendered":"<p>Es para Lombardia, Veneto, Emilia-Roma\u00f1a y Friuli-Venecia-Julia y para la isla de Sicilia, luego de la ola de calor y la declararaci\u00f3n del alerta roja en varias ciudades &nbsp; &nbsp; El Gobierno italiano se prepara para declarar este mi\u00e9rcoles el &#8220;estado de emergencia&#8221; en cinco de las 20 regiones del pa\u00eds luego de la sucesi\u00f3n de incendios, temporales y tormentas que dejaron un saldo de al menos cinco personas muertas en las \u00faltimas horas. El Consejo de Ministros que encabeza la premier Giorgia Meloni se reunir\u00e1 la tarde de este&#8230;<\/p>\n","protected":false},"author":3,"featured_media":105352,"comment_status":"closed","ping_status":"closed","sticky":false,"template":"","format":"standard","meta":[],"categories":[4],"tags":[],"_links":{"self":[{"href":"https:\/\/www.actualidadadiario.com\/index.php\/wp-json\/wp\/v2\/posts\/105417"}],"collection":[{"href":"https:\/\/www.actualidadadiario.com\/index.php\/wp-json\/wp\/v2\/posts"}],"about":[{"href":"https:\/\/www.actualidadadiario.com\/index.php\/wp-json\/wp\/v2\/types\/post"}],"author":[{"embeddable":true,"href":"https:\/\/www.actualidadadiario.com\/index.php\/wp-json\/wp\/v2\/users\/3"}],"replies":[{"embeddable":true,"href":"https:\/\/www.actualidadadiario.com\/index.php\/wp-json\/wp\/v2\/comments?post=105417"}],"version-history":[{"count":1,"href":"https:\/\/www.actualidadadiario.com\/index.php\/wp-json\/wp\/v2\/posts\/105417\/revisions"}],"predecessor-version":[{"id":105418,"href":"https:\/\/www.actualidadadiario.com\/index.php\/wp-json\/wp\/v2\/posts\/105417\/revisions\/105418"}],"wp:featuredmedia":[{"embeddable":true,"href":"https:\/\/www.actualidadadiario.com\/index.php\/wp-json\/wp\/v2\/media\/105352"}],"wp:attachment":[{"href":"https:\/\/www.actualidadadiario.com\/index.php\/wp-json\/wp\/v2\/media?parent=105417"}],"wp:term":[{"taxonomy":"category","embeddable":true,"href":"https:\/\/www.actualidadadiario.com\/index.php\/wp-json\/wp\/v2\/categories?post=105417"},{"taxonomy":"post_tag","embeddable":true,"href":"https:\/\/www.actualidadadiario.com\/index.php\/wp-json\/wp\/v2\/tags?post=105417"}],"curies":[{"name":"wp","href":"https:\/\/api.w.org\/{rel}","templated":true}]}}