{"id":105413,"date":"2023-07-26T14:53:02","date_gmt":"2023-07-26T17:53:02","guid":{"rendered":"https:\/\/www.actualidadadiario.com\/?p=105413"},"modified":"2023-07-26T14:53:02","modified_gmt":"2023-07-26T17:53:02","slug":"la-formula-massa-rossi-arranca-un-raid-de-campana-por-san-juan-la-rioja-y-tucuman","status":"publish","type":"post","link":"https:\/\/www.actualidadadiario.com\/index.php\/2023\/07\/26\/la-formula-massa-rossi-arranca-un-raid-de-campana-por-san-juan-la-rioja-y-tucuman\/","title":{"rendered":"La f\u00f3rmula Massa-Rossi arranca un raid de campa\u00f1a por San Juan, La Rioja y Tucum\u00e1n"},"content":{"rendered":"<p style=\"text-align: center;\"><em><strong>Los precandidatos de Uni\u00f3n por la Patria ir\u00e1n en busca del electorado del interior del pa\u00eds como parte de la estrategia de campa\u00f1a. Los gobernadores saldr\u00e1n a apoyar al ministro de econom\u00eda<\/strong><\/em><\/p>\n<p>&nbsp;<\/p>\n<p>&nbsp;<\/p>\n<p>&nbsp;<\/p>\n<p>Despu\u00e9s de visitar Santiago por Estero por el aniversario 470\u00b0 de la fundaci\u00f3n de la ciudad, el precandidato presidencial Sergio Massa continuar\u00e1 con un raid de presentaciones que incluir\u00e1 a las provincias de San Juan, La Rioja y Tucum\u00e1n con el objetivo de convencer al electorado que vote a Uni\u00f3n por la Patria el 13 de agosto. En cada una de las presentaciones ir\u00e1 acompa\u00f1ado de su compa\u00f1ero de f\u00f3rmula, Agust\u00edn Rossi.<\/p>\n<p>Mientras se negocia con el FMI, el ministro de Econom\u00eda y el jefe de gabinete apostar\u00e1n a reforzar los apoyos en el interior del pa\u00eds con encuentros de la militancia ante la imposibilidad de hacer anuncios de gesti\u00f3n. La f\u00f3rmula oficialista buscar\u00e1 el voto provincial, donde se vio un gran ausentismo en las elecciones locales.<\/p>\n<p>El Gobierno enfrenta la dif\u00edcil misi\u00f3n de renegociar las condiciones del pago de la deuda con el Fondo en medio de la campa\u00f1a electoral. Massa anticip\u00f3 ayer en Cronica HD que &#8220;no va haber incumplimientos de pagos en los pr\u00f3ximos vencimientos&#8221;.<\/p>\n<p>La primera parada ser\u00eda en San Juan, donde ser\u00e1 recibido por el gobernador Sergio U\u00f1ac el jueves por la noche. La agenda de actividades sin embargo comenzar\u00e1 el viernes por la ma\u00f1ana junto a U\u00f1ac, precandidato a senador nacional de Vamos San Juan, con quien recorrer\u00e1 obras de la provincia, y luego participar\u00e1n de un acto en UPCN con intendentes electos, diputados y concejales.<\/p>\n<p>El mismo viernes viajar\u00e1n a la provincia de La Rioja. Seg\u00fan anticip\u00f3 el frente pol\u00edtico en las redes sociales, habr\u00e1 un acto multitudinario para recibir al ministro de Econom\u00eda y al candidato a vicepresidente, quienes estar\u00e1n acompa\u00f1ados por el gobernador Ricardo Quintela.<\/p>\n<p>Desde la militancia est\u00e1n organizando una movilizaci\u00f3n de dirigentes locales para apoyar a la f\u00f3rmula presidencial. Se anticipa una gran multitud en el acto previsto para este viernes a las 15 horas en el Superdomo de la capital riojana, un estadio deportivo que tiene una capacidad para 17.000 personas.<\/p>\n<p>El panorama en La Rioja fue auspicioso para el peronismo, El actual gobernador fue reelegido en las elecciones de mayo pasado con m\u00e1s del 50 por ciento de los votos y con una diferencia amplia sobre Juntos por el Cambio. Adem\u00e1s recuper\u00f3 la conducci\u00f3n de la ciudad capital, que desde 2019 estaba en manos de la oposici\u00f3n.<\/p>\n<p>Massa tambi\u00e9n visitar\u00e1 otra provincia en la que obtuvo un triunfo el peronismo. Est\u00e1 previsto que el s\u00e1bado arribe a la ciudad de Tucum\u00e1n, donde en las elecciones del 11 de junio se impuso el candidato Osvaldo Jaldo como gobernador.<\/p>\n<p>A tan solo 19 d\u00edas de las PASO, Uni\u00f3n por la Patria acelerar\u00e1 la \u00faltima etapa de la campa\u00f1a que definir\u00e1 a los candidatos que pelear\u00e1n por llegar a la Casa Rosada. Los dirigentes de cada provincia se preparan para recibir a los candidatos.\u00a0 Seg\u00fan inform\u00f3 el diario La Gaceta, el precandidato presidencial participar\u00e1 de un acto con la militancia local en el Club Atl\u00e9tico Concepci\u00f3n de Banda del R\u00edo Sal\u00ed.<\/p>\n","protected":false},"excerpt":{"rendered":"<p>Los precandidatos de Uni\u00f3n por la Patria ir\u00e1n en busca del electorado del interior del pa\u00eds como parte de la estrategia de campa\u00f1a. Los gobernadores saldr\u00e1n a apoyar al ministro de econom\u00eda &nbsp; &nbsp; &nbsp; Despu\u00e9s de visitar Santiago por Estero por el aniversario 470\u00b0 de la fundaci\u00f3n de la ciudad, el precandidato presidencial Sergio Massa continuar\u00e1 con un raid de presentaciones que incluir\u00e1 a las provincias de San Juan, La Rioja y Tucum\u00e1n con el objetivo de convencer al electorado que vote a Uni\u00f3n por la Patria el 13&#8230;<\/p>\n","protected":false},"author":3,"featured_media":105414,"comment_status":"closed","ping_status":"closed","sticky":false,"template":"","format":"standard","meta":[],"categories":[18],"tags":[],"_links":{"self":[{"href":"https:\/\/www.actualidadadiario.com\/index.php\/wp-json\/wp\/v2\/posts\/105413"}],"collection":[{"href":"https:\/\/www.actualidadadiario.com\/index.php\/wp-json\/wp\/v2\/posts"}],"about":[{"href":"https:\/\/www.actualidadadiario.com\/index.php\/wp-json\/wp\/v2\/types\/post"}],"author":[{"embeddable":true,"href":"https:\/\/www.actualidadadiario.com\/index.php\/wp-json\/wp\/v2\/users\/3"}],"replies":[{"embeddable":true,"href":"https:\/\/www.actualidadadiario.com\/index.php\/wp-json\/wp\/v2\/comments?post=105413"}],"version-history":[{"count":1,"href":"https:\/\/www.actualidadadiario.com\/index.php\/wp-json\/wp\/v2\/posts\/105413\/revisions"}],"predecessor-version":[{"id":105415,"href":"https:\/\/www.actualidadadiario.com\/index.php\/wp-json\/wp\/v2\/posts\/105413\/revisions\/105415"}],"wp:featuredmedia":[{"embeddable":true,"href":"https:\/\/www.actualidadadiario.com\/index.php\/wp-json\/wp\/v2\/media\/105414"}],"wp:attachment":[{"href":"https:\/\/www.actualidadadiario.com\/index.php\/wp-json\/wp\/v2\/media?parent=105413"}],"wp:term":[{"taxonomy":"category","embeddable":true,"href":"https:\/\/www.actualidadadiario.com\/index.php\/wp-json\/wp\/v2\/categories?post=105413"},{"taxonomy":"post_tag","embeddable":true,"href":"https:\/\/www.actualidadadiario.com\/index.php\/wp-json\/wp\/v2\/tags?post=105413"}],"curies":[{"name":"wp","href":"https:\/\/api.w.org\/{rel}","templated":true}]}}