{"id":105411,"date":"2023-07-26T14:52:14","date_gmt":"2023-07-26T17:52:14","guid":{"rendered":"https:\/\/www.actualidadadiario.com\/?p=105411"},"modified":"2023-07-26T14:52:15","modified_gmt":"2023-07-26T17:52:15","slug":"alberto-fernandez-cruzo-a-larreta-y-a-morales-volverian-a-hacerlo","status":"publish","type":"post","link":"https:\/\/www.actualidadadiario.com\/index.php\/2023\/07\/26\/alberto-fernandez-cruzo-a-larreta-y-a-morales-volverian-a-hacerlo\/","title":{"rendered":"Alberto Fern\u00e1ndez cruz\u00f3 a Larreta y a Morales: &#8220;\u00bfVolver\u00edan a hacerlo?&#8221;"},"content":{"rendered":"<p style=\"text-align: center;\"><em><strong>A trav\u00e9s de un hilo de Twitter, el Presidente respondi\u00f3 un spot de la oposici\u00f3n para resaltar logros de su gesti\u00f3n y criticar al Gobernador de Jujuy por la represi\u00f3n provincial. \u201c\u00bfVamos a hacerlo, porque ya lo hicimos? Lo hicimos nosotros estimados\u201d, dijo y agradeci\u00f3 el reconocimiento con iron\u00eda<\/strong><\/em><\/p>\n<p>&nbsp;<\/p>\n<p>&nbsp;<\/p>\n<p>&nbsp;<\/p>\n<p>El presidente de la Naci\u00f3n, Alberto Fern\u00e1ndez, apunt\u00f3 contra el precandidato a vicepresidente de Juntos por el Cambio, Gerardo Morales, y utiliz\u00f3 un spot que comparti\u00f3 el precandidato a presidente del PRO, Horacio Rodr\u00edguez Larreta de cara a las elecciones 2023, para destacar hitos de su mandato y criticar al gobernador de Jujuy por la represi\u00f3n en su provincia.<\/p>\n<p>\u201c\u00bf\u2019Vamos a hacerlo, porque ya lo hicimos\u2019? Lo hicimos nosotros, estimados Horacio Rodr\u00edguez Larreta y Gerardo Morales\u201d, sostuvo el Presidente respondiendo un spot que comparti\u00f3 el precandidato a presidente del PRO en su Twitter.<\/p>\n<p>En el spot Morales, el vice de Larreta, hab\u00eda se\u00f1alado: &#8220;Est\u00e1n los que hablan de un cambio total y estamos los que lo hicimos. Vamos a hacerlo, porque ya lo hicimos\u201d, tras lo que se jact\u00f3 un &#8220;r\u00e9cord hist\u00f3rico de importaciones&#8221;, &#8220;revoluci\u00f3n de energ\u00edas limpias&#8221;, &#8220;mortalidad infantil m\u00e1s baja de la historia y &#8220;boom de turismo&#8221;.<\/p>\n<p>A lo que Alberto Fern\u00e1ndez le respondi\u00f3 que \u201cJuntos por el Cambio gobern\u00f3 de 2015 a 2019\u201d. \u201cLo que s\u00ed hicieron, \u00bfvolver\u00edan a hacerlo? Contraer la deuda, aumentar el desempleo, ajustar jubilaciones, destruir la educaci\u00f3n y la salud&#8230;&#8221;, cuestion\u00f3 en clara referencia al Gobierno de Cambiemos.<\/p>\n<p>Luego el mandatario tom\u00f3 los hitos destacados por el spot de la alianza opositora y, con iron\u00eda, agradeci\u00f3 el reconocimiento.<\/p>\n<p>Sobre el &#8220;r\u00e9cord hist\u00f3rico de exportaciones&#8221;, Fern\u00e1ndez explic\u00f3 que fue &#8220;consecuencia de las pol\u00edticas del Gobierno nacional, por ejemplo, con acuerdos internacionales en favor de la industria y el trabajo, recuperando PyMEs exportadoras que hab\u00edan cerrado cuando gobernaban ustedes&#8221; y a\u00f1adi\u00f3: &#8220;Gracias por resaltarlo&#8221;.<\/p>\n<p>\u201c\u00a1Mortalidad infantil m\u00e1s baja de la historia! Producto de pol\u00edticas sociales que implementamos desde el Gobierno nacional, por ejemplo, con la Ley de los 1000 d\u00edas o poniendo en marcha 280 obras y proyectos en hospitales y centros de salud\u201d, explic\u00f3 sobre otro de los hechos de gesti\u00f3n que hab\u00eda remarcado la oposici\u00f3n. A lo que tambi\u00e9n sum\u00f3 \u201cgracias por reconocerlo\u201d.<\/p>\n<p>En cuanto al &#8220;boom de turismo&#8221;, el Presidente explic\u00f3 que es parte de &#8220;otra muestra de la inversi\u00f3n del Gobierno nacional&#8221;, poniendo como ejemplo &#8220;las ediciones del PreViaje que tambi\u00e9n hicieron crecer el trabajo y la econom\u00eda de cada destino&#8221;. Y complet\u00f3: &#8220;Gracias por promocionarlo&#8221;.<\/p>\n<p>Luego, sobre la &#8220;revoluci\u00f3n de energ\u00edas limpias&#8221; sostuvo que es &#8220;gracias a la inversi\u00f3n estatal y el fomento de la inversi\u00f3n extranjera para desarrollar parques e\u00f3licos y solares, proyectos vinculados al desarrollo nuclear, del carbonato de litio o el hidr\u00f3geno verde&#8221; y cerr\u00f3 con un &#8220;gracias por destacarlo&#8221;.<\/p>\n<p>Tras recordarles que hicieron campa\u00f1a con su gesti\u00f3n,\u00a0 Fern\u00e1ndez le se\u00f1al\u00f3 a Morales la represi\u00f3n\u00a0 en la provincia de Jujuy a quienes marcharon contra la reforma constitucional juje\u00f1a y le record\u00f3 su pasado en el gobierno de la Alianza.<\/p>\n<p>&#8220;Los que hablan de \u2018un cambio total\u2019 son ustedes. Nosotros, lo que hicimos, no lo vamos a cambiar: haremos m\u00e1s y mejor. Morales, mejor cuente lo que realmente hizo en Jujuy, as\u00ed le avisa al pueblo argentino lo que quiere volver a hacer&#8221;, lanz\u00f3 el Presidente, sumando un video de la represi\u00f3n en su provincia y su jura como ministro en el gobierno de Fernando De la R\u00faa.<\/p>\n","protected":false},"excerpt":{"rendered":"<p>A trav\u00e9s de un hilo de Twitter, el Presidente respondi\u00f3 un spot de la oposici\u00f3n para resaltar logros de su gesti\u00f3n y criticar al Gobernador de Jujuy por la represi\u00f3n provincial. \u201c\u00bfVamos a hacerlo, porque ya lo hicimos? Lo hicimos nosotros estimados\u201d, dijo y agradeci\u00f3 el reconocimiento con iron\u00eda &nbsp; &nbsp; &nbsp; El presidente de la Naci\u00f3n, Alberto Fern\u00e1ndez, apunt\u00f3 contra el precandidato a vicepresidente de Juntos por el Cambio, Gerardo Morales, y utiliz\u00f3 un spot que comparti\u00f3 el precandidato a presidente del PRO, Horacio Rodr\u00edguez Larreta de cara a&#8230;<\/p>\n","protected":false},"author":3,"featured_media":100731,"comment_status":"closed","ping_status":"closed","sticky":false,"template":"","format":"standard","meta":[],"categories":[18],"tags":[],"_links":{"self":[{"href":"https:\/\/www.actualidadadiario.com\/index.php\/wp-json\/wp\/v2\/posts\/105411"}],"collection":[{"href":"https:\/\/www.actualidadadiario.com\/index.php\/wp-json\/wp\/v2\/posts"}],"about":[{"href":"https:\/\/www.actualidadadiario.com\/index.php\/wp-json\/wp\/v2\/types\/post"}],"author":[{"embeddable":true,"href":"https:\/\/www.actualidadadiario.com\/index.php\/wp-json\/wp\/v2\/users\/3"}],"replies":[{"embeddable":true,"href":"https:\/\/www.actualidadadiario.com\/index.php\/wp-json\/wp\/v2\/comments?post=105411"}],"version-history":[{"count":1,"href":"https:\/\/www.actualidadadiario.com\/index.php\/wp-json\/wp\/v2\/posts\/105411\/revisions"}],"predecessor-version":[{"id":105412,"href":"https:\/\/www.actualidadadiario.com\/index.php\/wp-json\/wp\/v2\/posts\/105411\/revisions\/105412"}],"wp:featuredmedia":[{"embeddable":true,"href":"https:\/\/www.actualidadadiario.com\/index.php\/wp-json\/wp\/v2\/media\/100731"}],"wp:attachment":[{"href":"https:\/\/www.actualidadadiario.com\/index.php\/wp-json\/wp\/v2\/media?parent=105411"}],"wp:term":[{"taxonomy":"category","embeddable":true,"href":"https:\/\/www.actualidadadiario.com\/index.php\/wp-json\/wp\/v2\/categories?post=105411"},{"taxonomy":"post_tag","embeddable":true,"href":"https:\/\/www.actualidadadiario.com\/index.php\/wp-json\/wp\/v2\/tags?post=105411"}],"curies":[{"name":"wp","href":"https:\/\/api.w.org\/{rel}","templated":true}]}}