{"id":105409,"date":"2023-07-26T14:51:21","date_gmt":"2023-07-26T17:51:21","guid":{"rendered":"https:\/\/www.actualidadadiario.com\/?p=105409"},"modified":"2023-07-26T14:51:21","modified_gmt":"2023-07-26T17:51:21","slug":"patricia-bullrich-no-baja-el-tono-agresivo-y-pide-una-argentina-sin-cristina","status":"publish","type":"post","link":"https:\/\/www.actualidadadiario.com\/index.php\/2023\/07\/26\/patricia-bullrich-no-baja-el-tono-agresivo-y-pide-una-argentina-sin-cristina\/","title":{"rendered":"Patricia Bullrich no baja el tono agresivo y pide &#8220;una Argentina sin Cristina&#8221;"},"content":{"rendered":"<p style=\"text-align: center;\"><em><strong>La precandidata presidencial de Juntos por el Cambio se mostr\u00f3 con j\u00f3venes militantes de C\u00f3rdoba entonando estas consignas. Fue luego de la derrota de ese espacio en la capital provincial<\/strong><\/em><\/p>\n<p>&nbsp;<\/p>\n<p>&nbsp;<\/p>\n<p>La derrota de Juntos por el Cambio del domingo pasado en la Ciudad de C\u00f3rdoba no parece haber modificado el tono agresivo empleado por la precandidata presidencial Patricia Bullrich, quien con j\u00f3venes militantes de esa localidad, cant\u00f3 consignas para &#8220;una Argentina sin Cristina&#8221;, por la vicepresidenta Cristina Fern\u00e1ndez de Kirchner.<\/p>\n<p>En efecto, este mi\u00e9rcoles se difundi\u00f3 un video donde Bullrich est\u00e1 acompa\u00f1ada por militantes que cantan por &#8220;una Argentina sin Cristina&#8221; Kirchner, y que se viraliz\u00f3 por TikTok e Instagram.<\/p>\n<p>M\u00e1s precisamente, fue difundido por Ivo Foguet Passer, presidente de J\u00f3venes PRO C\u00f3rdoba y secretario de la agrupaci\u00f3n a nivel nacional.<\/p>\n<p>La escena se registr\u00f3 durante una de las habituales &#8220;cenas de recaudaci\u00f3n&#8221; que en este caso Bullrich comparti\u00f3 con militantes, empresarios y dirigentes de esa provincia.<\/p>\n<p>&nbsp;<\/p>\n<p><strong>El posteo del titular de los j\u00f3venes PRO de C\u00f3rdoba<\/strong><\/p>\n<p>&#8220;Yo la quiero a Patricia de presidente, para que construyamos este presente, para que construyamos una Argentina\u2026 No existe #LaFuerzaDelCambio sin la fuerza de los j\u00f3venes, y por eso vamos a estar al pie del ca\u00f1\u00f3n en esta campa\u00f1a hasta llegar a la Rosada&#8221;, asegur\u00f3 Foguet Passer.<\/p>\n<p>D\u00edas despu\u00e9s del encuentro, el joven dirigente comparti\u00f3 un video con la letra completa de la canci\u00f3n que enton\u00f3 esa noche junto a sus compa\u00f1eros: &#8220;Yo la quiero a Patricia de presidente, para que construyamos este presente, para que construyamos una Argentina en la que estemos todos menos Cristina&#8221;.<\/p>\n<p>Mientras los j\u00f3venes cantaban, la presidenta del PRO en uso de licencia bail\u00f3, sonri\u00f3 e hizo un gesto de victoria con su pu\u00f1o en alto. Cabe recordar que Bullrich nunca repudi\u00f3 el intento de asesinato que Cristina Kirchner sufri\u00f3 el 1 de septiembre del a\u00f1o pasado.<\/p>\n<p>En el marco de esa causa, Ivana Bohdziewicz, una de las exasesoras del diputado Gerardo Milman (PRO), asegur\u00f3 que un perito puesto por Patricia Bullrich no s\u00f3lo elimin\u00f3 informaci\u00f3n de su celular y el de su compa\u00f1era Carolina G\u00f3mez M\u00f3naco, sino que tambi\u00e9n manipul\u00f3 el tel\u00e9fono de Milman.<\/p>\n","protected":false},"excerpt":{"rendered":"<p>La precandidata presidencial de Juntos por el Cambio se mostr\u00f3 con j\u00f3venes militantes de C\u00f3rdoba entonando estas consignas. Fue luego de la derrota de ese espacio en la capital provincial &nbsp; &nbsp; La derrota de Juntos por el Cambio del domingo pasado en la Ciudad de C\u00f3rdoba no parece haber modificado el tono agresivo empleado por la precandidata presidencial Patricia Bullrich, quien con j\u00f3venes militantes de esa localidad, cant\u00f3 consignas para &#8220;una Argentina sin Cristina&#8221;, por la vicepresidenta Cristina Fern\u00e1ndez de Kirchner. En efecto, este mi\u00e9rcoles se difundi\u00f3 un video&#8230;<\/p>\n","protected":false},"author":3,"featured_media":75513,"comment_status":"closed","ping_status":"closed","sticky":false,"template":"","format":"standard","meta":[],"categories":[18],"tags":[],"_links":{"self":[{"href":"https:\/\/www.actualidadadiario.com\/index.php\/wp-json\/wp\/v2\/posts\/105409"}],"collection":[{"href":"https:\/\/www.actualidadadiario.com\/index.php\/wp-json\/wp\/v2\/posts"}],"about":[{"href":"https:\/\/www.actualidadadiario.com\/index.php\/wp-json\/wp\/v2\/types\/post"}],"author":[{"embeddable":true,"href":"https:\/\/www.actualidadadiario.com\/index.php\/wp-json\/wp\/v2\/users\/3"}],"replies":[{"embeddable":true,"href":"https:\/\/www.actualidadadiario.com\/index.php\/wp-json\/wp\/v2\/comments?post=105409"}],"version-history":[{"count":1,"href":"https:\/\/www.actualidadadiario.com\/index.php\/wp-json\/wp\/v2\/posts\/105409\/revisions"}],"predecessor-version":[{"id":105410,"href":"https:\/\/www.actualidadadiario.com\/index.php\/wp-json\/wp\/v2\/posts\/105409\/revisions\/105410"}],"wp:featuredmedia":[{"embeddable":true,"href":"https:\/\/www.actualidadadiario.com\/index.php\/wp-json\/wp\/v2\/media\/75513"}],"wp:attachment":[{"href":"https:\/\/www.actualidadadiario.com\/index.php\/wp-json\/wp\/v2\/media?parent=105409"}],"wp:term":[{"taxonomy":"category","embeddable":true,"href":"https:\/\/www.actualidadadiario.com\/index.php\/wp-json\/wp\/v2\/categories?post=105409"},{"taxonomy":"post_tag","embeddable":true,"href":"https:\/\/www.actualidadadiario.com\/index.php\/wp-json\/wp\/v2\/tags?post=105409"}],"curies":[{"name":"wp","href":"https:\/\/api.w.org\/{rel}","templated":true}]}}