{"id":105401,"date":"2023-07-26T14:48:44","date_gmt":"2023-07-26T17:48:44","guid":{"rendered":"https:\/\/www.actualidadadiario.com\/?p=105401"},"modified":"2023-07-26T14:48:44","modified_gmt":"2023-07-26T17:48:44","slug":"se-cumplen-71-anos-de-la-muerte-de-evita","status":"publish","type":"post","link":"https:\/\/www.actualidadadiario.com\/index.php\/2023\/07\/26\/se-cumplen-71-anos-de-la-muerte-de-evita\/","title":{"rendered":"Se cumplen 71 a\u00f1os de la muerte de Evita"},"content":{"rendered":"<p style=\"text-align: center;\"><em><strong>Mar\u00eda Eva Duarte de Per\u00f3n falleci\u00f3 el 26 de julio de 1952. Miles de personas peregrinaron durante 16 d\u00edas bajo la lluvia para despedirla. Dirigentes del peronismo recordaron su partida<\/strong><\/em><\/p>\n<p>&nbsp;<\/p>\n<p>&nbsp;<\/p>\n<p>&nbsp;<\/p>\n<p>Mar\u00eda Eva Duarte de Per\u00f3n muri\u00f3 el 26 de julio de 1952, luego de transitar un c\u00e1ncer de \u00fatero a los 33 a\u00f1os. El velorio de &#8220;la abanderada de los humildes&#8221; dur\u00f3 16 d\u00edas y fue uno de los sucesos populares m\u00e1s impactantes del siglo XX.<\/p>\n<p>&#8220;Evita&#8221; naci\u00f3 el 7 de mayo de 1919 en la localidad bonaerense de Los Toldos y en 1935, a los 16 a\u00f1os, se traslad\u00f3 a la ciudad de Buenos Aires para desarrollar su carrera como actriz. All\u00ed particip\u00f3 de diversos radioteatros y algunas pel\u00edculas, convirti\u00e9ndose en una figura popular. Incluso fue presidenta de la Asociaci\u00f3n Radial Argentina (ARA).<\/p>\n<p>Todo cambiar\u00eda pocos a\u00f1os despu\u00e9s. En 1944 se produjo un terremoto en San Juan que provoc\u00f3 grandes destrozos, por lo que la Secretar\u00eda de Trabajo y Previsi\u00f3n liderada por el entonces cada vez m\u00e1s influyente coronel Juan Domingo Per\u00f3n, organiz\u00f3 un festival art\u00edstico en el Luna Park para recaudar fondos.<\/p>\n<p>Antes del 17 de octubre de 1945, ambos ya viv\u00edan juntos y poco despu\u00e9s de aquella gran movilizaci\u00f3n que oblig\u00f3 la liberaci\u00f3n de Per\u00f3n. Despu\u00e9s de ese episodio, se present\u00f3 a las elecciones y gan\u00f3, dando lugar a la primera presidencia de Juan Domingo Per\u00f3n en la historia argentina.<\/p>\n<p>A partir de all\u00ed, Evita adquiri\u00f3 un papel fundamental en el nuevo gobierno, asumiendo la responsabilidad de defender los derechos de las mujeres. Fund\u00f3 el Partido Peronista Femenino, que fue el puntapi\u00e9 inicial para organizar los primeros sindicatos. El PPF se disolvi\u00f3 en el golpe de Estado de 1955.<\/p>\n<p>En enero de 1950, a Eva le detectaron los primeros indicios de c\u00e1ncer de cuello uterino durante una operaci\u00f3n de apendicitis, seg\u00fan relataron los m\u00e9dicos Oscar Ivanisevich y Abel Can\u00f3nico a\u00f1os despu\u00e9s.<\/p>\n<p>Adem\u00e1s de esta enfermedad, las presiones pol\u00edticas de aquellos que la desaprobaban la llevaron a renunciar a la candidatura a vicepresidenta en un multitudinario acto organizado por la CGT el 22 de agosto de 1951, al cual asistieron alrededor de dos millones de personas.<\/p>\n<p>El 11 de noviembre de ese mismo a\u00f1o, las mujeres argentinas votaron por primera vez en elecciones libres, y la f\u00f3rmula conformada por Per\u00f3n y Hortensio Quijano triunf\u00f3 con el 63,40% de los votos, el porcentaje m\u00e1s alto registrado en la historia argentina desde la Ley S\u00e1enz Pe\u00f1a, seguido Cristina Kirchner en 2011, que obtuvo el 54,11%.<\/p>\n<p>&nbsp;<\/p>\n<p><strong>El homenaje de los dirigentes de Uni\u00f3n por la Patria<\/strong><\/p>\n<p>Dirigentes pol\u00edticos recordaron este mi\u00e9rcoles en las redes sociales el legado de lucha por la &#8220;justicia social&#8221; de la &#8220;abanderada de los humildes&#8221;, Eva Duarte de Per\u00f3n, a 71 a\u00f1os de su fallecimiento, bajo el hashtag #Evitaeterna.<\/p>\n<p>La organizaci\u00f3n pol\u00edtica La C\u00e1mpora public\u00f3 un video con la voz en off de Evita pronunciando un discurso, mientras se ven im\u00e1genes de ella a trav\u00e9s del tiempo. En la publicaci\u00f3n, escribieron: &#8220;Nosotros no tenemos m\u00e1s banderas que la bandera azul y blanca&#8221;.&#8221;71 a\u00f1os del pase a la inmortalidad de la compa\u00f1era Evita&#8221;, agregaron.<\/p>\n<p>El embajador de Argentina en Brasil, Daniel Scioli, escribi\u00f3 en las redes que &#8220;con valent\u00eda y compromiso por los trabajadores, las trabajadoras y los m\u00e1s humildes, Eva Per\u00f3n dej\u00f3 un legado imborrable en el coraz\u00f3n del pueblo argentino&#8221;.<\/p>\n<p>El ministro de Defensa, Jorge Taiana, la record\u00f3 como &#8220;abanderada de los humildes, ejemplo de militancia y compromiso con el Pueblo&#8221;.<\/p>\n<p>El ministro de Ciencia y Tecnolog\u00eda, Daniel Filmus, pregunt\u00f3: &#8220;\u00bfA qu\u00e9 m\u00e1s puede aspirar un ciudadano o una ciudadana que al amor del pueblo argentino?&#8221;. &#8220;A 71 a\u00f1os de su paso a la eternidad, la mejor manera de recordar y homenajear a Evita es comprometernos a seguir trabajando por una Argentina m\u00e1s justa y soberana&#8221;.<\/p>\n","protected":false},"excerpt":{"rendered":"<p>Mar\u00eda Eva Duarte de Per\u00f3n falleci\u00f3 el 26 de julio de 1952. Miles de personas peregrinaron durante 16 d\u00edas bajo la lluvia para despedirla. Dirigentes del peronismo recordaron su partida &nbsp; &nbsp; &nbsp; Mar\u00eda Eva Duarte de Per\u00f3n muri\u00f3 el 26 de julio de 1952, luego de transitar un c\u00e1ncer de \u00fatero a los 33 a\u00f1os. El velorio de &#8220;la abanderada de los humildes&#8221; dur\u00f3 16 d\u00edas y fue uno de los sucesos populares m\u00e1s impactantes del siglo XX. &#8220;Evita&#8221; naci\u00f3 el 7 de mayo de 1919 en la localidad&#8230;<\/p>\n","protected":false},"author":3,"featured_media":105402,"comment_status":"closed","ping_status":"closed","sticky":false,"template":"","format":"standard","meta":[],"categories":[18],"tags":[],"_links":{"self":[{"href":"https:\/\/www.actualidadadiario.com\/index.php\/wp-json\/wp\/v2\/posts\/105401"}],"collection":[{"href":"https:\/\/www.actualidadadiario.com\/index.php\/wp-json\/wp\/v2\/posts"}],"about":[{"href":"https:\/\/www.actualidadadiario.com\/index.php\/wp-json\/wp\/v2\/types\/post"}],"author":[{"embeddable":true,"href":"https:\/\/www.actualidadadiario.com\/index.php\/wp-json\/wp\/v2\/users\/3"}],"replies":[{"embeddable":true,"href":"https:\/\/www.actualidadadiario.com\/index.php\/wp-json\/wp\/v2\/comments?post=105401"}],"version-history":[{"count":1,"href":"https:\/\/www.actualidadadiario.com\/index.php\/wp-json\/wp\/v2\/posts\/105401\/revisions"}],"predecessor-version":[{"id":105403,"href":"https:\/\/www.actualidadadiario.com\/index.php\/wp-json\/wp\/v2\/posts\/105401\/revisions\/105403"}],"wp:featuredmedia":[{"embeddable":true,"href":"https:\/\/www.actualidadadiario.com\/index.php\/wp-json\/wp\/v2\/media\/105402"}],"wp:attachment":[{"href":"https:\/\/www.actualidadadiario.com\/index.php\/wp-json\/wp\/v2\/media?parent=105401"}],"wp:term":[{"taxonomy":"category","embeddable":true,"href":"https:\/\/www.actualidadadiario.com\/index.php\/wp-json\/wp\/v2\/categories?post=105401"},{"taxonomy":"post_tag","embeddable":true,"href":"https:\/\/www.actualidadadiario.com\/index.php\/wp-json\/wp\/v2\/tags?post=105401"}],"curies":[{"name":"wp","href":"https:\/\/api.w.org\/{rel}","templated":true}]}}