{"id":10540,"date":"2017-04-25T09:58:59","date_gmt":"2017-04-25T12:58:59","guid":{"rendered":"http:\/\/actualidadadiario.com\/site\/?p=10540"},"modified":"2017-04-25T09:58:59","modified_gmt":"2017-04-25T12:58:59","slug":"dos-muertos-y-varios-heridos-en-nueva-jornada-de-protestas-opositoras-en-venezuela","status":"publish","type":"post","link":"https:\/\/www.actualidadadiario.com\/index.php\/2017\/04\/25\/dos-muertos-y-varios-heridos-en-nueva-jornada-de-protestas-opositoras-en-venezuela\/","title":{"rendered":"Dos muertos y varios heridos en nueva jornada de protestas opositoras en Venezuela"},"content":{"rendered":"<p><em><strong>Al menos dos personas murieron y otras siete resultaron heridas en incidentes ocurridos durante las nuevas protestas que se llevaron a cabo este lunes contra el gobierno de Nicol\u00e1s Maduro<\/strong><\/em><\/p>\n<p>&nbsp;<\/p>\n<p>&nbsp;<\/p>\n<p>&nbsp;<\/p>\n<p>Venezuela sigue convulsionada: miles de personas volvieron a salir a las calles de Venezuela para protestar contra el gobierno de Nicol\u00e1s Maduro mediante caminatas y &#8220;plantones&#8221; (sentadas). En ese marco se produjeron al menos dos muertes y siete heridos, seg\u00fan confirmaron autoridades.<\/p>\n<p>&nbsp;<\/p>\n<p>El Ministerio P\u00fablico corrobor\u00f3 en un comunicado la muerte de Jes\u00fas Sulbar\u00e1n, de 42 a\u00f1os, en M\u00e9rida, capital del estado andino hom\u00f3nimo, y de Renzo Rodr\u00edguez, de 54, en el municipio Bol\u00edvar del estado Barinas. Adem\u00e1s, seis personas quedaron heridas en M\u00e9rida y una en Bol\u00edvar.<\/p>\n<p>&nbsp;<\/p>\n<p>El defensor del Pueblo, Tarek William Saab, inform\u00f3 al canal Globovisi\u00f3n que la manifestaci\u00f3n antigubernamental en M\u00e9rida fue baleada desde un edificio, y en ese incidente falleci\u00f3 Sulbar\u00e1n, funcionario de la gobernaci\u00f3n local, y quedaron heridos cuatro estudiantes (dos en la cabeza, una en el t\u00f3rax y otra en una pierna) y un empleado de la Defensor\u00eda, en una pierna.<\/p>\n<p>&nbsp;<\/p>\n<p>Sin embargo, la agencia de noticias ANSA tambi\u00e9n report\u00f3 fallecido a Daniel Infante, uno de los estudiantes baleados en la cabeza.<\/p>\n","protected":false},"excerpt":{"rendered":"<p>Al menos dos personas murieron y otras siete resultaron heridas en incidentes ocurridos durante las nuevas protestas que se llevaron a cabo este lunes contra el gobierno de Nicol\u00e1s Maduro &nbsp; &nbsp; &nbsp; Venezuela sigue convulsionada: miles de personas volvieron a salir a las calles de Venezuela para protestar contra el gobierno de Nicol\u00e1s Maduro mediante caminatas y &#8220;plantones&#8221; (sentadas). En ese marco se produjeron al menos dos muertes y siete heridos, seg\u00fan confirmaron autoridades. &nbsp; El Ministerio P\u00fablico corrobor\u00f3 en un comunicado la muerte de Jes\u00fas Sulbar\u00e1n, de 42&#8230;<\/p>\n","protected":false},"author":3,"featured_media":10541,"comment_status":"closed","ping_status":"closed","sticky":false,"template":"","format":"standard","meta":[],"categories":[4],"tags":[],"_links":{"self":[{"href":"https:\/\/www.actualidadadiario.com\/index.php\/wp-json\/wp\/v2\/posts\/10540"}],"collection":[{"href":"https:\/\/www.actualidadadiario.com\/index.php\/wp-json\/wp\/v2\/posts"}],"about":[{"href":"https:\/\/www.actualidadadiario.com\/index.php\/wp-json\/wp\/v2\/types\/post"}],"author":[{"embeddable":true,"href":"https:\/\/www.actualidadadiario.com\/index.php\/wp-json\/wp\/v2\/users\/3"}],"replies":[{"embeddable":true,"href":"https:\/\/www.actualidadadiario.com\/index.php\/wp-json\/wp\/v2\/comments?post=10540"}],"version-history":[{"count":1,"href":"https:\/\/www.actualidadadiario.com\/index.php\/wp-json\/wp\/v2\/posts\/10540\/revisions"}],"predecessor-version":[{"id":10542,"href":"https:\/\/www.actualidadadiario.com\/index.php\/wp-json\/wp\/v2\/posts\/10540\/revisions\/10542"}],"wp:featuredmedia":[{"embeddable":true,"href":"https:\/\/www.actualidadadiario.com\/index.php\/wp-json\/wp\/v2\/media\/10541"}],"wp:attachment":[{"href":"https:\/\/www.actualidadadiario.com\/index.php\/wp-json\/wp\/v2\/media?parent=10540"}],"wp:term":[{"taxonomy":"category","embeddable":true,"href":"https:\/\/www.actualidadadiario.com\/index.php\/wp-json\/wp\/v2\/categories?post=10540"},{"taxonomy":"post_tag","embeddable":true,"href":"https:\/\/www.actualidadadiario.com\/index.php\/wp-json\/wp\/v2\/tags?post=10540"}],"curies":[{"name":"wp","href":"https:\/\/api.w.org\/{rel}","templated":true}]}}