{"id":105380,"date":"2023-07-26T12:10:57","date_gmt":"2023-07-26T15:10:57","guid":{"rendered":"https:\/\/www.actualidadadiario.com\/?p=105380"},"modified":"2023-07-26T12:10:57","modified_gmt":"2023-07-26T15:10:57","slug":"larreta-y-frigerio-disertaran-este-jueves-en-parana-2","status":"publish","type":"post","link":"https:\/\/www.actualidadadiario.com\/index.php\/2023\/07\/26\/larreta-y-frigerio-disertaran-este-jueves-en-parana-2\/","title":{"rendered":"Larreta y Frigerio disertar\u00e1n este jueves en Paran\u00e1"},"content":{"rendered":"<p style=\"text-align: center;\"><em><strong>Los precandidatos a Presidente y Gobernador de Juntos por el cambio expondr\u00e1n este jueves en el marco del Ciclo de Conferencias &#8220;Entre R\u00edos 2023: perspectivas de gobierno&#8221;. La actividad es organizada por la Facultad de Ciencias Econ\u00f3micas de la UNER y el Centro de Gesti\u00f3n Gubernamental<\/strong><\/em><\/p>\n<p>&nbsp;<\/p>\n<p>&nbsp;<\/p>\n<p>El encuentro ser\u00e1 el jueves 27 de julio a las 16 en la Facultad de Ciencias Econ\u00f3micas de la Universidad Nacional de Entre R\u00edos (UNER), Urquiza 552 de Paran\u00e1. Estar\u00e1n presentes Horacio Rodr\u00edguez Larreta -precandidato a Presidente por Juntos por el Cambio- y Rogelio Frigerio -candidato a Gobernador de Entre R\u00edos por Juntos por Entre R\u00edos.<\/p>\n<p>Como en los encuentros anteriores, los candidatos expondr\u00e1n acerca de diversos ejes relacionados con la econom\u00eda, la educaci\u00f3n, el desarrollo productivo y m\u00e1s. \u201cHemos pensado en un espacio donde las precandidatas y precandidatos a ocupar lugares tan importante de gesti\u00f3n puedan transmitir sus ideas a la comunidad acad\u00e9mica y la sociedad en un \u00e1mbito donde permanentemente debatimos esta tem\u00e1tica. La Facultad ya est\u00e1 en comunicaci\u00f3n con los\/as diversos precandidatos, convocando a este ciclo y esperando una amplia participaci\u00f3n\u201d, destac\u00f3 el Decano de la Facultad de Ciencias Econ\u00f3micas, Sebasti\u00e1n P\u00e9rez, quien modera todos los encuentros a trav\u00e9s de la presentaci\u00f3n y la lectura de preguntas abiertas a todo p\u00fablico.<\/p>\n<p>Por el ciclo de conferencias pasaron ya: Pedro Galimberti: precandidato a Gobernador \u2013 Juntos por el Cambio; Ayel\u00e9n Acosta: precandidata a intendenta \u2013 Juntos por el Cambio; Rosario Romero: precandidata a Intendenta \u2013 Frente de Todos; Emanuel Gainza: precandidato a intendente \u2013 Juntos por el Cambio; Gustavo Guzm\u00e1n: Precandidato a Intendente \u2013 M\u00e1s para Entre R\u00edos; Leandro Brasesco: Precandidato a Intendente \u2013 Evoluci\u00f3n Radical; Sof\u00eda C\u00e1ceres Sforza: Precandidata a Gobernadora \u2013 MST \u2013 FITU; Nicol\u00e1s Mathieu: Precandidato a Intendente \u2013 PJ; Armando S\u00e1nchez: Precandidato a Intendente \u2013 Pol\u00edticas para la Rep\u00fablica.<\/p>\n","protected":false},"excerpt":{"rendered":"<p>Los precandidatos a Presidente y Gobernador de Juntos por el cambio expondr\u00e1n este jueves en el marco del Ciclo de Conferencias &#8220;Entre R\u00edos 2023: perspectivas de gobierno&#8221;. La actividad es organizada por la Facultad de Ciencias Econ\u00f3micas de la UNER y el Centro de Gesti\u00f3n Gubernamental &nbsp; &nbsp; El encuentro ser\u00e1 el jueves 27 de julio a las 16 en la Facultad de Ciencias Econ\u00f3micas de la Universidad Nacional de Entre R\u00edos (UNER), Urquiza 552 de Paran\u00e1. Estar\u00e1n presentes Horacio Rodr\u00edguez Larreta -precandidato a Presidente por Juntos por el Cambio-&#8230;<\/p>\n","protected":false},"author":3,"featured_media":105306,"comment_status":"closed","ping_status":"closed","sticky":false,"template":"","format":"standard","meta":[],"categories":[15],"tags":[],"_links":{"self":[{"href":"https:\/\/www.actualidadadiario.com\/index.php\/wp-json\/wp\/v2\/posts\/105380"}],"collection":[{"href":"https:\/\/www.actualidadadiario.com\/index.php\/wp-json\/wp\/v2\/posts"}],"about":[{"href":"https:\/\/www.actualidadadiario.com\/index.php\/wp-json\/wp\/v2\/types\/post"}],"author":[{"embeddable":true,"href":"https:\/\/www.actualidadadiario.com\/index.php\/wp-json\/wp\/v2\/users\/3"}],"replies":[{"embeddable":true,"href":"https:\/\/www.actualidadadiario.com\/index.php\/wp-json\/wp\/v2\/comments?post=105380"}],"version-history":[{"count":1,"href":"https:\/\/www.actualidadadiario.com\/index.php\/wp-json\/wp\/v2\/posts\/105380\/revisions"}],"predecessor-version":[{"id":105381,"href":"https:\/\/www.actualidadadiario.com\/index.php\/wp-json\/wp\/v2\/posts\/105380\/revisions\/105381"}],"wp:featuredmedia":[{"embeddable":true,"href":"https:\/\/www.actualidadadiario.com\/index.php\/wp-json\/wp\/v2\/media\/105306"}],"wp:attachment":[{"href":"https:\/\/www.actualidadadiario.com\/index.php\/wp-json\/wp\/v2\/media?parent=105380"}],"wp:term":[{"taxonomy":"category","embeddable":true,"href":"https:\/\/www.actualidadadiario.com\/index.php\/wp-json\/wp\/v2\/categories?post=105380"},{"taxonomy":"post_tag","embeddable":true,"href":"https:\/\/www.actualidadadiario.com\/index.php\/wp-json\/wp\/v2\/tags?post=105380"}],"curies":[{"name":"wp","href":"https:\/\/api.w.org\/{rel}","templated":true}]}}