{"id":105375,"date":"2023-07-26T12:09:25","date_gmt":"2023-07-26T15:09:25","guid":{"rendered":"https:\/\/www.actualidadadiario.com\/?p=105375"},"modified":"2023-07-26T12:09:25","modified_gmt":"2023-07-26T15:09:25","slug":"esta-semana-finaliza-el-plazo-para-acceder-al-plan-de-regularizacion-tributaria","status":"publish","type":"post","link":"https:\/\/www.actualidadadiario.com\/index.php\/2023\/07\/26\/esta-semana-finaliza-el-plazo-para-acceder-al-plan-de-regularizacion-tributaria\/","title":{"rendered":"Esta semana finaliza el plazo para acceder al plan de regularizaci\u00f3n tributaria"},"content":{"rendered":"<p style=\"text-align: center;\"><em><strong>Fuentes de la Administradora Tributaria de Entre R\u00edos (ATER) informaron que este viernes 28 vence la moratoria de impuestos que arranc\u00f3 el 1\u00ba de junio y contempla la condonaci\u00f3n de multas e intereses para los contribuyentes con deudas generadas hasta el 31 de marzo de 2023<\/strong><\/em><\/p>\n<p>&nbsp;<\/p>\n<p>&nbsp;<\/p>\n<p>En el marco de las pol\u00edticas de alivio fiscal que lleva adelante el Gobierno provincial, el 1\u00ba de junio se puso en marcha un plan de regularizaci\u00f3n de deudas que finalizaba el 30 de ese mes, pero que finalmente se extendi\u00f3 hasta fines de julio.<\/p>\n<p>La nueva fecha l\u00edmite es el 30 de julio, pero -teniendo en cuenta que es domingo-, el viernes 28 ser\u00e1 el plazo l\u00edmite para acceder a la moratoria de impuestos, indicaron desde ATER\u00a0 esta Agencia.<\/p>\n<p>Hasta fines del mes pasado se hab\u00edan acogido al plan 33 mil contribuyentes, hab\u00eda informado oportunamente el titular del organismo, Germ\u00e1n Gran\u00e9.<\/p>\n<p>Las v\u00edas para consultar detalles, beneficios y obtener turnos de atenci\u00f3n o asistencia con videotutoriales para la autogesti\u00f3n se pueden consultar en la web del organismo ater.gob.ar, o comunic\u00e1ndose con el Servicio de Atenci\u00f3n al Contribuyente al 0810-888-2837 (ATER) de lunes a viernes de 8 a 13 hs o v\u00eda mail a consultas@ater.gob.ar.<\/p>\n","protected":false},"excerpt":{"rendered":"<p>Fuentes de la Administradora Tributaria de Entre R\u00edos (ATER) informaron que este viernes 28 vence la moratoria de impuestos que arranc\u00f3 el 1\u00ba de junio y contempla la condonaci\u00f3n de multas e intereses para los contribuyentes con deudas generadas hasta el 31 de marzo de 2023 &nbsp; &nbsp; En el marco de las pol\u00edticas de alivio fiscal que lleva adelante el Gobierno provincial, el 1\u00ba de junio se puso en marcha un plan de regularizaci\u00f3n de deudas que finalizaba el 30 de ese mes, pero que finalmente se extendi\u00f3 hasta&#8230;<\/p>\n","protected":false},"author":3,"featured_media":50932,"comment_status":"closed","ping_status":"closed","sticky":false,"template":"","format":"standard","meta":[],"categories":[15],"tags":[],"_links":{"self":[{"href":"https:\/\/www.actualidadadiario.com\/index.php\/wp-json\/wp\/v2\/posts\/105375"}],"collection":[{"href":"https:\/\/www.actualidadadiario.com\/index.php\/wp-json\/wp\/v2\/posts"}],"about":[{"href":"https:\/\/www.actualidadadiario.com\/index.php\/wp-json\/wp\/v2\/types\/post"}],"author":[{"embeddable":true,"href":"https:\/\/www.actualidadadiario.com\/index.php\/wp-json\/wp\/v2\/users\/3"}],"replies":[{"embeddable":true,"href":"https:\/\/www.actualidadadiario.com\/index.php\/wp-json\/wp\/v2\/comments?post=105375"}],"version-history":[{"count":1,"href":"https:\/\/www.actualidadadiario.com\/index.php\/wp-json\/wp\/v2\/posts\/105375\/revisions"}],"predecessor-version":[{"id":105376,"href":"https:\/\/www.actualidadadiario.com\/index.php\/wp-json\/wp\/v2\/posts\/105375\/revisions\/105376"}],"wp:featuredmedia":[{"embeddable":true,"href":"https:\/\/www.actualidadadiario.com\/index.php\/wp-json\/wp\/v2\/media\/50932"}],"wp:attachment":[{"href":"https:\/\/www.actualidadadiario.com\/index.php\/wp-json\/wp\/v2\/media?parent=105375"}],"wp:term":[{"taxonomy":"category","embeddable":true,"href":"https:\/\/www.actualidadadiario.com\/index.php\/wp-json\/wp\/v2\/categories?post=105375"},{"taxonomy":"post_tag","embeddable":true,"href":"https:\/\/www.actualidadadiario.com\/index.php\/wp-json\/wp\/v2\/tags?post=105375"}],"curies":[{"name":"wp","href":"https:\/\/api.w.org\/{rel}","templated":true}]}}