{"id":105363,"date":"2023-07-25T13:32:14","date_gmt":"2023-07-25T16:32:14","guid":{"rendered":"https:\/\/www.actualidadadiario.com\/?p=105363"},"modified":"2023-07-25T13:32:14","modified_gmt":"2023-07-25T16:32:14","slug":"septimo-dia-de-incendios-en-grecia-evacuan-a-cientos-de-turistas","status":"publish","type":"post","link":"https:\/\/www.actualidadadiario.com\/index.php\/2023\/07\/25\/septimo-dia-de-incendios-en-grecia-evacuan-a-cientos-de-turistas\/","title":{"rendered":"S\u00e9ptimo d\u00eda de incendios en Grecia: evac\u00faan a cientos de turistas"},"content":{"rendered":"<p style=\"text-align: center;\"><em><strong>Grecia suele sufrir incendios forestales en verano, pero el cambio clim\u00e1tico ha provocado olas de calor m\u00e1s extremas en el sur de Europa<\/strong><\/em><\/p>\n<p>&nbsp;<\/p>\n<p>&nbsp;<\/p>\n<p>Grecia lucha este martes por contener por s\u00e9ptimo d\u00eda consecutivo el incendio forestal en la isla de Rodas, mientras se esperaba que cientos de turistas que se hab\u00edan visto obligados a evacuar la isla, en los d\u00edas anteriores, y regresan a sus pa\u00edses de origen.<\/p>\n<p>Unas 20.000 personas tuvieron que abandonar sus hogares y hoteles en Rodas durante el fin de semana, cuando el incendio que comenz\u00f3 hace una semana se profundiz\u00f3 y alcanz\u00f3 los centros tur\u00edsticos costeros del sureste de la isla verde, tras carbonizar franjas de terreno y da\u00f1ar edificios.<\/p>\n<p>M\u00e1s de 2.000 turistas regresaron a casa en avi\u00f3n el lunes, y se esperaban m\u00e1s vuelos de repatriaci\u00f3n para este martes. El pa\u00eds suele sufrir incendios forestales en verano, pero el cambio clim\u00e1tico ha provocado olas de calor m\u00e1s extremas en el sur de Europa. La aparici\u00f3n del fuego aumenta los temores de que los turistas se mantienen alejados en el futuro.<\/p>\n<p>Cientos de bomberos, ayudaron por refuerzos de Turqu\u00eda y Eslovaquia, lucharon por controlar las llamas cerca de las aldeas de Gennadi y Vati, en el sureste de Rodas, mientras el fuego reaparec\u00eda por las condiciones de calor y viento. Tambi\u00e9n hubo incendios forestales en la isla de Corf\u00fa, frente a la costa occidental de Grecia, y en la isla de Eubea, cerca de la capital, Atenas, inform\u00f3 Reuters.<\/p>\n<p>\u00abLos incendios se han reavivado en todo el pa\u00eds, pero por ahora no amenazan a ninguna poblaci\u00f3n\u00bb, declar\u00f3 un responsable de los bomberos. TUI, uno de los mayores operadores tur\u00edsticos del mundo, ha comunicado que cancelaba los viajes a Rodas hasta este viernes.<\/p>\n<p>Seg\u00fan TUI, 39.000 clientes hab\u00edan viajado a Rodas el domingo por la noche. Grecia ha registrado muy temperaturas en las \u00faltimas semanas. Se preve\u00eda que volviera altas a subir este mi\u00e9rcoles, superando los 44\u00ba C en algunas zonas. Las autoridades de protecci\u00f3n civil advirtieron el martes del riesgo extremo de incendios forestales en Rodas y en la isla de Creta.<\/p>\n<p>En verano, las islas griegas son muy populares entre los turistas europeos que buscan el sol, sobre todo brit\u00e1nicos y alemanes. El turismo representa el 18% de la producci\u00f3n griega y uno de cada cinco puestos de trabajo. En Rodas y muchas otras islas griegas, la dependencia del turismo es a\u00fan mayor.<\/p>\n","protected":false},"excerpt":{"rendered":"<p>Grecia suele sufrir incendios forestales en verano, pero el cambio clim\u00e1tico ha provocado olas de calor m\u00e1s extremas en el sur de Europa &nbsp; &nbsp; Grecia lucha este martes por contener por s\u00e9ptimo d\u00eda consecutivo el incendio forestal en la isla de Rodas, mientras se esperaba que cientos de turistas que se hab\u00edan visto obligados a evacuar la isla, en los d\u00edas anteriores, y regresan a sus pa\u00edses de origen. Unas 20.000 personas tuvieron que abandonar sus hogares y hoteles en Rodas durante el fin de semana, cuando el incendio&#8230;<\/p>\n","protected":false},"author":3,"featured_media":105364,"comment_status":"closed","ping_status":"closed","sticky":false,"template":"","format":"standard","meta":[],"categories":[4],"tags":[],"_links":{"self":[{"href":"https:\/\/www.actualidadadiario.com\/index.php\/wp-json\/wp\/v2\/posts\/105363"}],"collection":[{"href":"https:\/\/www.actualidadadiario.com\/index.php\/wp-json\/wp\/v2\/posts"}],"about":[{"href":"https:\/\/www.actualidadadiario.com\/index.php\/wp-json\/wp\/v2\/types\/post"}],"author":[{"embeddable":true,"href":"https:\/\/www.actualidadadiario.com\/index.php\/wp-json\/wp\/v2\/users\/3"}],"replies":[{"embeddable":true,"href":"https:\/\/www.actualidadadiario.com\/index.php\/wp-json\/wp\/v2\/comments?post=105363"}],"version-history":[{"count":1,"href":"https:\/\/www.actualidadadiario.com\/index.php\/wp-json\/wp\/v2\/posts\/105363\/revisions"}],"predecessor-version":[{"id":105365,"href":"https:\/\/www.actualidadadiario.com\/index.php\/wp-json\/wp\/v2\/posts\/105363\/revisions\/105365"}],"wp:featuredmedia":[{"embeddable":true,"href":"https:\/\/www.actualidadadiario.com\/index.php\/wp-json\/wp\/v2\/media\/105364"}],"wp:attachment":[{"href":"https:\/\/www.actualidadadiario.com\/index.php\/wp-json\/wp\/v2\/media?parent=105363"}],"wp:term":[{"taxonomy":"category","embeddable":true,"href":"https:\/\/www.actualidadadiario.com\/index.php\/wp-json\/wp\/v2\/categories?post=105363"},{"taxonomy":"post_tag","embeddable":true,"href":"https:\/\/www.actualidadadiario.com\/index.php\/wp-json\/wp\/v2\/tags?post=105363"}],"curies":[{"name":"wp","href":"https:\/\/api.w.org\/{rel}","templated":true}]}}