{"id":105360,"date":"2023-07-25T13:31:32","date_gmt":"2023-07-25T16:31:32","guid":{"rendered":"https:\/\/www.actualidadadiario.com\/?p=105360"},"modified":"2023-07-25T13:31:32","modified_gmt":"2023-07-25T16:31:32","slug":"con-la-venia-de-lasso-militares-ingresaron-a-la-carcel-de-ecuador-tras-una-nueva-matanza","status":"publish","type":"post","link":"https:\/\/www.actualidadadiario.com\/index.php\/2023\/07\/25\/con-la-venia-de-lasso-militares-ingresaron-a-la-carcel-de-ecuador-tras-una-nueva-matanza\/","title":{"rendered":"Con la venia de Lasso, militares ingresaron a la c\u00e1rcel de Ecuador tras una nueva matanza"},"content":{"rendered":"<p style=\"text-align: center;\"><em><strong>Las Fuerzas Armadas dijeron que 1.500 soldados ingresaron a la penitenciar\u00eda de Guayaquil, la gran ciudad portuaria del suroeste del pa\u00eds, para retomar su control luego del enfrentamiento del fin de semana, que dej\u00f3 tambi\u00e9n 11 heridos<\/strong><\/em><\/p>\n<p>&nbsp;<\/p>\n<p>&nbsp;<\/p>\n<p>Cientos de militares ingresaron este martes en una c\u00e1rcel de Ecuador donde seis reclusos murieron en una pelea entre bandas, horas despu\u00e9s de que el presidente Guillermo Lasso decretara el estado de excepci\u00f3n por 60 d\u00edas en todo el sistema penitenciario.<\/p>\n<p>Las Fuerzas Armadas dijeron que 1.500 soldados ingresaron a la penitenciar\u00eda de Guayaquil, la gran ciudad portuaria del suroeste del pa\u00eds, para retomar su control luego del enfrentamiento del fin de semana, que dej\u00f3 tambi\u00e9n 11 heridos.<\/p>\n<p>Los uniformados entraron a la c\u00e1rcel de Guayas 1 &#8220;para restablecer el control en este centro penitenciario, mediante operaciones militares de control de armas, municiones y explosivos&#8221;, dijo el Comando Conjunto de las Fuerzas Armadas en un comunicado.<\/p>\n<p>Los soldados tambi\u00e9n realizar\u00e1n un &#8220;requisamiento de art\u00edculos no autorizados dentro del centro penitenciario&#8221;, agreg\u00f3 la nota, inform\u00f3 la agencia de noticias AFP.<\/p>\n<p>&nbsp;<\/p>\n<p><strong>Estado de excepci\u00f3n<\/strong><\/p>\n<p>El operativo lleg\u00f3 horas despu\u00e9s de que el presidente del pa\u00eds, el conservador Lasso, decretara el estado de excepci\u00f3n por 60 d\u00edas en todo el sistema penitenciario nacional, habilitando a las Fuerzas Armadas para intentar frenar la ola de violencia.<\/p>\n<p>Luego del enfrentamiento en la c\u00e1rcel de Guayaquil, reos de 13 prisiones de Ecuador iniciaron una huelga de hambre y tomaron de rehenes a 90 guardia c\u00e1rceles para exigir mejoras en las condiciones de detenci\u00f3n.<\/p>\n<p>Seg\u00fan el decreto, publicado en la cuenta de redes sociales de la presidencia ecuatoriana, la Polic\u00eda y las Fuerzas Armadas se desplegar\u00e1n dentro de las prisiones para restablecer el orden y hacer frente a la violencia a manos de organizaciones criminales.<\/p>\n<p>El decreto tambi\u00e9n declar\u00f3 el estado de excepci\u00f3n por 60 d\u00edas y un toque de queda nocturno en las provincias de Los R\u00edos, sobre el oc\u00e9ano Pac\u00edfico, y la vecina Manab\u00ed, tras el asesinato del alcalde de la ciudad de Manta, en Malab\u00ed, Agust\u00edn Intriago.<\/p>\n<p>Este martes, por cuarto d\u00eda consecutivo, las autoridades reportaron detonaciones desde la Penitenciaria de Guayaquil, ubicada en la provincia de Guayas, horas antes de que los militares ingresaran al centro.<\/p>\n<p>&nbsp;<\/p>\n<p><strong>Crisis en Ecuador<\/strong><\/p>\n<p>Ecuador afronta una crisis de inseguridad al interior de las c\u00e1rceles y en las calles, lo que el gobierno atribuye a las disputas por territorios para las operaciones il\u00edcitas como el narcotr\u00e1fico.<\/p>\n<p>El tema de la seguridad y las c\u00e1rceles se volvi\u00f3 uno de los problemas centrales para Lasso, que, entre otras medidas, ya dispuso varias veces el estado de excepci\u00f3n en algunos distritos, multiplic\u00f3 el n\u00famero de polic\u00edas en algunas ciudades, modific\u00f3 protocolos y sistemas de seguridad y traslada a los jefes de las bandas a otros penales.<\/p>\n<p>Los enfrentamientos entre narcotraficantes dejaron m\u00e1s de 400 presos muertos desde 2021, mientras la tasa de asesinatos a nivel nacional casi se duplic\u00f3 entre 2021 y 2022, pasando de 14 a 25 por cada 100.000 habitantes, seg\u00fan las autoridades.<\/p>\n<p>En abril, un nuevo enfrentamiento entre bandas rivales en la Penitenciar\u00eda del Litoral hab\u00eda dejado 12 muertos, cuatro heridos y al menos siete presos fugados.<\/p>\n","protected":false},"excerpt":{"rendered":"<p>Las Fuerzas Armadas dijeron que 1.500 soldados ingresaron a la penitenciar\u00eda de Guayaquil, la gran ciudad portuaria del suroeste del pa\u00eds, para retomar su control luego del enfrentamiento del fin de semana, que dej\u00f3 tambi\u00e9n 11 heridos &nbsp; &nbsp; Cientos de militares ingresaron este martes en una c\u00e1rcel de Ecuador donde seis reclusos murieron en una pelea entre bandas, horas despu\u00e9s de que el presidente Guillermo Lasso decretara el estado de excepci\u00f3n por 60 d\u00edas en todo el sistema penitenciario. Las Fuerzas Armadas dijeron que 1.500 soldados ingresaron a la&#8230;<\/p>\n","protected":false},"author":3,"featured_media":105361,"comment_status":"closed","ping_status":"closed","sticky":false,"template":"","format":"standard","meta":[],"categories":[4],"tags":[],"_links":{"self":[{"href":"https:\/\/www.actualidadadiario.com\/index.php\/wp-json\/wp\/v2\/posts\/105360"}],"collection":[{"href":"https:\/\/www.actualidadadiario.com\/index.php\/wp-json\/wp\/v2\/posts"}],"about":[{"href":"https:\/\/www.actualidadadiario.com\/index.php\/wp-json\/wp\/v2\/types\/post"}],"author":[{"embeddable":true,"href":"https:\/\/www.actualidadadiario.com\/index.php\/wp-json\/wp\/v2\/users\/3"}],"replies":[{"embeddable":true,"href":"https:\/\/www.actualidadadiario.com\/index.php\/wp-json\/wp\/v2\/comments?post=105360"}],"version-history":[{"count":1,"href":"https:\/\/www.actualidadadiario.com\/index.php\/wp-json\/wp\/v2\/posts\/105360\/revisions"}],"predecessor-version":[{"id":105362,"href":"https:\/\/www.actualidadadiario.com\/index.php\/wp-json\/wp\/v2\/posts\/105360\/revisions\/105362"}],"wp:featuredmedia":[{"embeddable":true,"href":"https:\/\/www.actualidadadiario.com\/index.php\/wp-json\/wp\/v2\/media\/105361"}],"wp:attachment":[{"href":"https:\/\/www.actualidadadiario.com\/index.php\/wp-json\/wp\/v2\/media?parent=105360"}],"wp:term":[{"taxonomy":"category","embeddable":true,"href":"https:\/\/www.actualidadadiario.com\/index.php\/wp-json\/wp\/v2\/categories?post=105360"},{"taxonomy":"post_tag","embeddable":true,"href":"https:\/\/www.actualidadadiario.com\/index.php\/wp-json\/wp\/v2\/tags?post=105360"}],"curies":[{"name":"wp","href":"https:\/\/api.w.org\/{rel}","templated":true}]}}