{"id":105354,"date":"2023-07-25T13:29:48","date_gmt":"2023-07-25T16:29:48","guid":{"rendered":"https:\/\/www.actualidadadiario.com\/?p=105354"},"modified":"2023-07-25T13:29:48","modified_gmt":"2023-07-25T16:29:48","slug":"greta-thunberg-fue-victima-de-maltrato-policial-durante-una-manifestacion","status":"publish","type":"post","link":"https:\/\/www.actualidadadiario.com\/index.php\/2023\/07\/25\/greta-thunberg-fue-victima-de-maltrato-policial-durante-una-manifestacion\/","title":{"rendered":"Greta Thunberg fue v\u00edctima de maltrato policial durante una manifestaci\u00f3n"},"content":{"rendered":"<p style=\"text-align: center;\"><em><strong>La joven de 20 a\u00f1os fue desalojada por la Polic\u00eda, pocas despu\u00e9s de que un tribunal local la mult\u00f3<\/strong><\/em><\/p>\n<p>&nbsp;<\/p>\n<p>&nbsp;<\/p>\n<p>La activista clim\u00e1tica Greta Thunberg fue desalojada por la fuerza por la Polic\u00eda durante una protesta en Malmo, horas en el sur de Suecia, pocas despu\u00e9s de que un tribunal local la mult\u00f3 por desobedecer una orden policial durante una protesta similar el mes pasado.<\/p>\n<p>Thunberg, de 20 a\u00f1os, que se convirti\u00f3 en el rostro de los j\u00f3venes activistas clim\u00e1ticos de todo el mundo tras protagonizar protestas semanales frente al Parlamento sueco, admiti\u00f3 durante el proceso judicial que hab\u00eda desobedecido la orden policial, pero se declar\u00f3 inocente y aleg\u00f3 que\u00a0 actuaba por necesidad.<\/p>\n<p>Thunberg y otros activistas del grupo Reclaim the Future bloquearon una carretera para camiones petroleros en el puerto de Malmo el 19 de junio, tras lo que se la acus\u00f3 de no abandonar el lugar cuando la Polic\u00eda se lo solicit\u00f3.<\/p>\n<p>Tras la sentencia del lunes, Thunberg y otros activistas volvieron al puerto de Malmo, desde donde la Polic\u00eda se los llev\u00f3 de nuevo por bloquear el tr\u00e1fico.<\/p>\n<p>La activista hab\u00eda declarado anteriormente ante el tribunal que sus acciones estaban justificadas: &#8220;Creo que nos encontramos en una situaci\u00f3n de emergencia que amenaza la vida, la salud y la propiedad. Innumerables personas y comunidades est\u00e1n en peligro, tanto a corto como a largo plazo&#8221;.<\/p>\n<p>El tribunal conden\u00f3 a Thunberg a pagar 1.500 coronas suecas (144 d\u00f3lares) y otras 1.000 coronas al fondo sueco para v\u00edctimas de delitos.<\/p>\n<p>La multa se aplic\u00f3 en proporci\u00f3n a sus ingresos declarados: no obedecer una orden policial conlleva una pena m\u00e1xima de seis meses de prisi\u00f3n en el pa\u00eds, seg\u00fan aclar\u00f3 finalmente la agencia de noticias Reuters.<\/p>\n","protected":false},"excerpt":{"rendered":"<p>La joven de 20 a\u00f1os fue desalojada por la Polic\u00eda, pocas despu\u00e9s de que un tribunal local la mult\u00f3 &nbsp; &nbsp; La activista clim\u00e1tica Greta Thunberg fue desalojada por la fuerza por la Polic\u00eda durante una protesta en Malmo, horas en el sur de Suecia, pocas despu\u00e9s de que un tribunal local la mult\u00f3 por desobedecer una orden policial durante una protesta similar el mes pasado. Thunberg, de 20 a\u00f1os, que se convirti\u00f3 en el rostro de los j\u00f3venes activistas clim\u00e1ticos de todo el mundo tras protagonizar protestas semanales frente&#8230;<\/p>\n","protected":false},"author":3,"featured_media":105355,"comment_status":"closed","ping_status":"closed","sticky":false,"template":"","format":"standard","meta":[],"categories":[4],"tags":[],"_links":{"self":[{"href":"https:\/\/www.actualidadadiario.com\/index.php\/wp-json\/wp\/v2\/posts\/105354"}],"collection":[{"href":"https:\/\/www.actualidadadiario.com\/index.php\/wp-json\/wp\/v2\/posts"}],"about":[{"href":"https:\/\/www.actualidadadiario.com\/index.php\/wp-json\/wp\/v2\/types\/post"}],"author":[{"embeddable":true,"href":"https:\/\/www.actualidadadiario.com\/index.php\/wp-json\/wp\/v2\/users\/3"}],"replies":[{"embeddable":true,"href":"https:\/\/www.actualidadadiario.com\/index.php\/wp-json\/wp\/v2\/comments?post=105354"}],"version-history":[{"count":1,"href":"https:\/\/www.actualidadadiario.com\/index.php\/wp-json\/wp\/v2\/posts\/105354\/revisions"}],"predecessor-version":[{"id":105356,"href":"https:\/\/www.actualidadadiario.com\/index.php\/wp-json\/wp\/v2\/posts\/105354\/revisions\/105356"}],"wp:featuredmedia":[{"embeddable":true,"href":"https:\/\/www.actualidadadiario.com\/index.php\/wp-json\/wp\/v2\/media\/105355"}],"wp:attachment":[{"href":"https:\/\/www.actualidadadiario.com\/index.php\/wp-json\/wp\/v2\/media?parent=105354"}],"wp:term":[{"taxonomy":"category","embeddable":true,"href":"https:\/\/www.actualidadadiario.com\/index.php\/wp-json\/wp\/v2\/categories?post=105354"},{"taxonomy":"post_tag","embeddable":true,"href":"https:\/\/www.actualidadadiario.com\/index.php\/wp-json\/wp\/v2\/tags?post=105354"}],"curies":[{"name":"wp","href":"https:\/\/api.w.org\/{rel}","templated":true}]}}