{"id":105351,"date":"2023-07-25T13:28:58","date_gmt":"2023-07-25T16:28:58","guid":{"rendered":"https:\/\/www.actualidadadiario.com\/?p=105351"},"modified":"2023-07-25T13:28:58","modified_gmt":"2023-07-25T16:28:58","slug":"calor-extremo-en-sicilia-registran-cortes-de-luz-agua-e-incendios-forestales","status":"publish","type":"post","link":"https:\/\/www.actualidadadiario.com\/index.php\/2023\/07\/25\/calor-extremo-en-sicilia-registran-cortes-de-luz-agua-e-incendios-forestales\/","title":{"rendered":"Calor extremo en Sicilia: registran cortes de luz, agua e incendios forestales"},"content":{"rendered":"<p style=\"text-align: center;\"><em><strong>Una ola de calor azota a Italia, con picos de 48 grados de temperatura. La situaci\u00f3n oblig\u00f3 a los funcionarios a reunirse y resolver los apagones<\/strong><\/em><\/p>\n<p>&nbsp;<\/p>\n<p>&nbsp;<\/p>\n<p>Los funcionarios de Italia se reunieron este lunes para enfrentar los problemas de desabastecimiento de agua y cortes de luz que afectan a centenares de miles de sicilianos a ra\u00edz de la ola de calor con temperaturas que superan los 45 grados.<\/p>\n<p>El ministro de Protecci\u00f3n civil, Nello Musumeci, organiz\u00f3 esta reuni\u00f3n en Catania (Sicilia) ubicada en el este de la isla, ya que el alcalde local afirm\u00f3 que la ciudad &#8220;estaba de rodillas&#8221; tras los cortes de electricidad iniciados la semana pasada.<\/p>\n<p>Las oleadas de calor que afectaron el sur de Europa la semana pasada contin\u00faan en Sicilia, donde la protecci\u00f3n civil de Catania anunci\u00f3 ayer una temperatura de 47,6 grados.<\/p>\n<p>Catania y sus alrededores fueron afectados por los cortes que dejaron sin electricidad a unas 500.000 personas, seg\u00fan indic\u00f3 el portavoz de la municipalidad.<\/p>\n<p>&nbsp;<\/p>\n<p><strong>Apagones en Sicilia por ola de calor extremo<\/strong><\/p>\n<p>La empresa E-distribuzione, filial del gigante energ\u00e9tico italiano Enel que controla la distribuci\u00f3n de electricidad en Catania, se\u00f1al\u00f3 en un comunicado que los da\u00f1os a los cables enterrados se deben a la humedad y a que &#8220;la temperatura del asfalto es ardiente y se acerca desde hace semanas a los 50 grados&#8221;.<\/p>\n<p>Los cortes de electricidad causaron cortes en el suministro de agua para unas 200.000 a 300.000 personas, precis\u00f3 el gerente de la red h\u00eddrica Sidra, y agreg\u00f3 que esta ma\u00f1ana se solucion\u00f3 el problema.<\/p>\n<p>&nbsp;<\/p>\n<p><strong>Incendios forestales afectan a regi\u00f3n italiana de Calabria<\/strong><\/p>\n<p>En varias zonas de Calabria, la parte m\u00e1s meridional de la pen\u00ednsula italiana, se produjeron incendios en bosques y vegetaci\u00f3n despu\u00e9s de que las temperaturas subieran la semana pasada.<\/p>\n<p>Los equipos de bomberos de las regiones de Campania y Lacio, as\u00ed como de la ciudad siciliana de Mesina, tuvieron que intervenir.<\/p>\n<p>En tanto, en la isla griega de Rodas, miles de turistas y residentes huyeron de un incendio forestal y muchos fueron evacuados de las playas en embarcaciones privadas mientras las llamas amenazaban complejos tur\u00edsticos y pueblos costeros.<\/p>\n","protected":false},"excerpt":{"rendered":"<p>Una ola de calor azota a Italia, con picos de 48 grados de temperatura. La situaci\u00f3n oblig\u00f3 a los funcionarios a reunirse y resolver los apagones &nbsp; &nbsp; Los funcionarios de Italia se reunieron este lunes para enfrentar los problemas de desabastecimiento de agua y cortes de luz que afectan a centenares de miles de sicilianos a ra\u00edz de la ola de calor con temperaturas que superan los 45 grados. El ministro de Protecci\u00f3n civil, Nello Musumeci, organiz\u00f3 esta reuni\u00f3n en Catania (Sicilia) ubicada en el este de la isla,&#8230;<\/p>\n","protected":false},"author":3,"featured_media":105352,"comment_status":"closed","ping_status":"closed","sticky":false,"template":"","format":"standard","meta":[],"categories":[4],"tags":[],"_links":{"self":[{"href":"https:\/\/www.actualidadadiario.com\/index.php\/wp-json\/wp\/v2\/posts\/105351"}],"collection":[{"href":"https:\/\/www.actualidadadiario.com\/index.php\/wp-json\/wp\/v2\/posts"}],"about":[{"href":"https:\/\/www.actualidadadiario.com\/index.php\/wp-json\/wp\/v2\/types\/post"}],"author":[{"embeddable":true,"href":"https:\/\/www.actualidadadiario.com\/index.php\/wp-json\/wp\/v2\/users\/3"}],"replies":[{"embeddable":true,"href":"https:\/\/www.actualidadadiario.com\/index.php\/wp-json\/wp\/v2\/comments?post=105351"}],"version-history":[{"count":1,"href":"https:\/\/www.actualidadadiario.com\/index.php\/wp-json\/wp\/v2\/posts\/105351\/revisions"}],"predecessor-version":[{"id":105353,"href":"https:\/\/www.actualidadadiario.com\/index.php\/wp-json\/wp\/v2\/posts\/105351\/revisions\/105353"}],"wp:featuredmedia":[{"embeddable":true,"href":"https:\/\/www.actualidadadiario.com\/index.php\/wp-json\/wp\/v2\/media\/105352"}],"wp:attachment":[{"href":"https:\/\/www.actualidadadiario.com\/index.php\/wp-json\/wp\/v2\/media?parent=105351"}],"wp:term":[{"taxonomy":"category","embeddable":true,"href":"https:\/\/www.actualidadadiario.com\/index.php\/wp-json\/wp\/v2\/categories?post=105351"},{"taxonomy":"post_tag","embeddable":true,"href":"https:\/\/www.actualidadadiario.com\/index.php\/wp-json\/wp\/v2\/tags?post=105351"}],"curies":[{"name":"wp","href":"https:\/\/api.w.org\/{rel}","templated":true}]}}