{"id":105345,"date":"2023-07-25T13:18:16","date_gmt":"2023-07-25T16:18:16","guid":{"rendered":"https:\/\/www.actualidadadiario.com\/?p=105345"},"modified":"2023-07-25T13:18:16","modified_gmt":"2023-07-25T16:18:16","slug":"alberto-fernandez-el-agro-y-la-industria-van-de-la-mano-no-estan-contrapuestas","status":"publish","type":"post","link":"https:\/\/www.actualidadadiario.com\/index.php\/2023\/07\/25\/alberto-fernandez-el-agro-y-la-industria-van-de-la-mano-no-estan-contrapuestas\/","title":{"rendered":"Alberto Fern\u00e1ndez: \u201cEl agro y la industria van de la mano, no est\u00e1n contrapuestas\u201d"},"content":{"rendered":"<p style=\"text-align: center;\"><em><strong>El Presidente consider\u00f3 que la Argentina \u201cdebe agregarle valor\u201d a sus productos para dejar atr\u00e1s \u201cel extractivismo&#8221;. Adem\u00e1s, lament\u00f3 el impacto negativo que la sequ\u00eda tuvo en las econom\u00edas regionales del pa\u00eds: &#8220;Si no hubi\u00e9ramos tenido la sequ\u00eda, estar\u00edamos creciendo cuatro o cinco puntos este a\u00f1o\u201d, remarc\u00f3<\/strong><\/em><\/p>\n<p>&nbsp;<\/p>\n<p>&nbsp;<\/p>\n<p>El presidente Alberto Fern\u00e1ndez afirm\u00f3 este martes que el sector agropecuario y la industria no son actividades \u201ccontrapuestas\u201d, reiter\u00f3 su idea de una necesaria industrializaci\u00f3n de las materias primas y lament\u00f3 la sequ\u00eda sufrida durante el \u00faltimo a\u00f1o causando impacto de magnitud en las finanzas nacionales.<\/p>\n<p>\u201cPareciera ser que uno es que quiere al agro o quiere la industria, y la verdad es que van de la mano y no est\u00e1n contrapuestas. Uno tiene que prestarle atenci\u00f3n al mundo agropecuario y al mundo industrial\u201d, dijo el Jefe de Estado al participar del 45\u00b0 Consejo Federal Agropecuario que sesion\u00f3 en el Museo del Bicentenario.<\/p>\n<p>Acompa\u00f1ando por el secretario de Agricultura, Juan Jos\u00e9 Bahillo, y de las m\u00e1ximas autoridades provinciales del sector agroindustrial, Fern\u00e1ndez se\u00f1al\u00f3 la importancia del sector en la econom\u00eda nacional y se refiri\u00f3 con especial detalle a la problem\u00e1tica del cambio clim\u00e1tico.<\/p>\n<p>\u201cLa actividad industrial crece un 3 por ciento en lo que va del a\u00f1o, la agropecuaria cae un 45%. Si no hubi\u00e9ramos tenido la sequ\u00eda, estar\u00edamos creciendo cuatro o cinco puntos este a\u00f1o\u201d, lament\u00f3 el mandatario.<\/p>\n<p>Fern\u00e1ndez consider\u00f3 que es una \u201cdiscusi\u00f3n banal\u201d estimar \u201ccu\u00e1nto pesa la agroindustria en Argentina\u201d, ya que su magnitud qued\u00f3 evidenciada en el hecho de que \u201cuna sequ\u00eda\u201d gener\u00f3 \u201cun da\u00f1o econ\u00f3mico impresionante\u201d.<\/p>\n<p>\u201cEs tan cierto eso como que la Argentina no vive de la agricultura. Perdimos el 20% de las exportaciones, exportamos un 80% de otras cosas. Ahora, un 20 por ciento es un mont\u00f3n, es much\u00edsimo. Hay que prestarle atenci\u00f3n\u201d, agreg\u00f3.<\/p>\n<p>El presidente dijo que, como Gobierno, se le prest\u00f3 \u201cmucha atenci\u00f3n a la producci\u00f3n agr\u00edcola, no s\u00f3lo porque a la Argentina le sirve, porque son divisas para el pa\u00eds, sino porque hay muchas regiones que viven de esa producci\u00f3n\u201d.<\/p>\n<p>\u201cQue a nosotros nos importa el tema agropecuario, no debe caberle duda a nadie. Que lo ponemos en valor, no debe ponerlo en duda nadie. (El ministro de Econom\u00eda) Sergio (Massa) me mand\u00f3 tres p\u00e1ginas de lo que hicimos para preservar al sector. Como estamos en un momento dif\u00edcil, parece que le estoy pasando cuentas, y no quiero pasarle cuentas a nadie. Recordarles que siempre estuvimos cuando el sector nos necesit\u00f3\u201d, subray\u00f3.<\/p>\n<p>&nbsp;<\/p>\n<p><strong>Las econom\u00edas regionales como eje<\/strong><\/p>\n<p>En el encuentro se abord\u00f3 una agenda con eje central en las econom\u00edas regionales, el nuevo tipo de cambio para las exportaciones que se liquidan hasta el 31 de agosto de 2023 y las proyecciones &#8220;en n\u00fameros&#8221;.<\/p>\n<p>En 2022, este sector gener\u00f3 m\u00e1s de 7.000 millones de d\u00f3lares y 4,8 millones de toneladas en exportaciones. M\u00e1s de 50 cadenas de las econom\u00edas regionales est\u00e1n incorporadas al Programa de Incremento Exportador, entre las que se cuentan la oliv\u00edcola, pesquera, vitivin\u00edcola, ap\u00edcola, foresto industrial, girasol, frut\u00edcola y hort\u00edcola.<\/p>\n<p>Durante la reuni\u00f3n tambi\u00e9n se present\u00f3 un informe agrometeorol\u00f3gico para la pr\u00f3xima campa\u00f1a, un segundo informe sobre la inversi\u00f3n del Fondo Fiduciario Nacional de Agroindustria (Fondagro) en enoturismo y un tercer informe forestal sobre la Ley 25.080 &#8211; Plan Ganar, adem\u00e1s del programa Impulso Tambero II JJB y el programa PROBIAAR.<\/p>\n","protected":false},"excerpt":{"rendered":"<p>El Presidente consider\u00f3 que la Argentina \u201cdebe agregarle valor\u201d a sus productos para dejar atr\u00e1s \u201cel extractivismo&#8221;. Adem\u00e1s, lament\u00f3 el impacto negativo que la sequ\u00eda tuvo en las econom\u00edas regionales del pa\u00eds: &#8220;Si no hubi\u00e9ramos tenido la sequ\u00eda, estar\u00edamos creciendo cuatro o cinco puntos este a\u00f1o\u201d, remarc\u00f3 &nbsp; &nbsp; El presidente Alberto Fern\u00e1ndez afirm\u00f3 este martes que el sector agropecuario y la industria no son actividades \u201ccontrapuestas\u201d, reiter\u00f3 su idea de una necesaria industrializaci\u00f3n de las materias primas y lament\u00f3 la sequ\u00eda sufrida durante el \u00faltimo a\u00f1o causando impacto de&#8230;<\/p>\n","protected":false},"author":3,"featured_media":105346,"comment_status":"closed","ping_status":"closed","sticky":false,"template":"","format":"standard","meta":[],"categories":[18],"tags":[],"_links":{"self":[{"href":"https:\/\/www.actualidadadiario.com\/index.php\/wp-json\/wp\/v2\/posts\/105345"}],"collection":[{"href":"https:\/\/www.actualidadadiario.com\/index.php\/wp-json\/wp\/v2\/posts"}],"about":[{"href":"https:\/\/www.actualidadadiario.com\/index.php\/wp-json\/wp\/v2\/types\/post"}],"author":[{"embeddable":true,"href":"https:\/\/www.actualidadadiario.com\/index.php\/wp-json\/wp\/v2\/users\/3"}],"replies":[{"embeddable":true,"href":"https:\/\/www.actualidadadiario.com\/index.php\/wp-json\/wp\/v2\/comments?post=105345"}],"version-history":[{"count":1,"href":"https:\/\/www.actualidadadiario.com\/index.php\/wp-json\/wp\/v2\/posts\/105345\/revisions"}],"predecessor-version":[{"id":105347,"href":"https:\/\/www.actualidadadiario.com\/index.php\/wp-json\/wp\/v2\/posts\/105345\/revisions\/105347"}],"wp:featuredmedia":[{"embeddable":true,"href":"https:\/\/www.actualidadadiario.com\/index.php\/wp-json\/wp\/v2\/media\/105346"}],"wp:attachment":[{"href":"https:\/\/www.actualidadadiario.com\/index.php\/wp-json\/wp\/v2\/media?parent=105345"}],"wp:term":[{"taxonomy":"category","embeddable":true,"href":"https:\/\/www.actualidadadiario.com\/index.php\/wp-json\/wp\/v2\/categories?post=105345"},{"taxonomy":"post_tag","embeddable":true,"href":"https:\/\/www.actualidadadiario.com\/index.php\/wp-json\/wp\/v2\/tags?post=105345"}],"curies":[{"name":"wp","href":"https:\/\/api.w.org\/{rel}","templated":true}]}}