{"id":105342,"date":"2023-07-25T13:07:01","date_gmt":"2023-07-25T16:07:01","guid":{"rendered":"https:\/\/www.actualidadadiario.com\/?p=105342"},"modified":"2023-07-25T13:07:01","modified_gmt":"2023-07-25T16:07:01","slug":"sergio-massa-apuesta-a-conquistar-el-voto-del-norte-con-el-apoyo-de-los-gobernadores","status":"publish","type":"post","link":"https:\/\/www.actualidadadiario.com\/index.php\/2023\/07\/25\/sergio-massa-apuesta-a-conquistar-el-voto-del-norte-con-el-apoyo-de-los-gobernadores\/","title":{"rendered":"Sergio Massa apuesta a conquistar el voto del Norte con el apoyo de los gobernadores"},"content":{"rendered":"<p style=\"text-align: center;\"><em><strong>El precandidato presidencial viaj\u00f3 para participar del aniversario de la fundaci\u00f3n de la ciudad de Santiago del Estero, y compartir\u00e1 encuentros con los candidatos locales. El viernes estar\u00e1 en la provincia de San Juan<\/strong><\/em><\/p>\n<p>&nbsp;<\/p>\n<p>&nbsp;<\/p>\n<p>Si algo le falta a la campa\u00f1a del precandidato presidencial, Sergio Massa, es sumar m\u00e1s presencia en el interior del pa\u00eds. Esta semana estar\u00e1 en Santiago del Estero y San Juan con el objetivo de sumar el apoyo de los gobernadores y de los dirigentes provinciales en el marco de la campa\u00f1a electoral.<\/p>\n<p>El ministro de Econom\u00eda lleg\u00f3 anoche a la capital santiague\u00f1a para compartir la vigila del 470\u00b0 aniversario de la Madre de Ciudades, acompa\u00f1ado por el gobernador Gerardo Zamora; la presidenta de la C\u00e1mara de Diputados, Cecilia Moreau; y el embajador de Brasil, Daniel Scioli.<\/p>\n<p>La agenda prevista para hoy incluye un plenario con Zamora, legisladores, intendentes, concejales, ministros y candidatos provinciales. Luego participar\u00e1 del acto central por la Fundaci\u00f3n de la Ciudad de Santiago del Estero, y finalmente compartir\u00e1 un encuentro con el candidato de diputado nacional, Pablo Mirolo, en la ciudad de La Banda.<\/p>\n<p>En lo que transcurri\u00f3 de la campa\u00f1a electoral, Massa tuvo m\u00e1s a la presencia territorial en el conurbano junto al gobernador, Axel Kicillof, e intendentes locales. Fuera de la provincia de Buenos Aires estuvo el viernes pasado en San Fernando del Valle de Catamarca, donde particip\u00f3 de la Fiesta del Poncho, junto al gobernador Ra\u00fal Jalil y al ministro del Interior, Eduardo \u201cWado\u201d de Pedro.<\/p>\n<p>Como parte de la estrategia electoral, el l\u00edder del Frente Renovador apost\u00f3 al doble rol de ministro y candidato y reparte las horas y d\u00edas entre ambas actividades hasta las elecciones primarias del 13 de agosto. Ahora buscar\u00e1 fortalecer el voto en el interior del pa\u00eds, sobre todo en el Norte. Los gobernadores de esa regi\u00f3n fueron los que impulsaron y apoyaron su candidatura cuando reclamaban una f\u00f3rmula de unidad.<\/p>\n<p>Seg\u00fan confirm\u00f3 el gobernador de San Juan, Sergio U\u00f1ac, el candidato de Uni\u00f3n por la Patria visitar\u00e1 la provincia este viernes. As\u00ed lo inform\u00f3 el mandatario en las redes sociales con un mensaje de apoyo a la candidatura presidencial.<\/p>\n<p>En un hilo de Twitter, U\u00f1ac destac\u00f3 que &#8220;juntos reafirmaremos este camino de progreso que estamos transitando en la provincia. Trabajamos para que Argentina tome el impulso necesario para que todos podamos vivir mejor. Sabemos que la mejor opci\u00f3n es la de Uni\u00f3n por la Patria&#8221;.<\/p>\n","protected":false},"excerpt":{"rendered":"<p>El precandidato presidencial viaj\u00f3 para participar del aniversario de la fundaci\u00f3n de la ciudad de Santiago del Estero, y compartir\u00e1 encuentros con los candidatos locales. El viernes estar\u00e1 en la provincia de San Juan &nbsp; &nbsp; Si algo le falta a la campa\u00f1a del precandidato presidencial, Sergio Massa, es sumar m\u00e1s presencia en el interior del pa\u00eds. Esta semana estar\u00e1 en Santiago del Estero y San Juan con el objetivo de sumar el apoyo de los gobernadores y de los dirigentes provinciales en el marco de la campa\u00f1a electoral. El&#8230;<\/p>\n","protected":false},"author":3,"featured_media":105343,"comment_status":"closed","ping_status":"closed","sticky":false,"template":"","format":"standard","meta":[],"categories":[18],"tags":[],"_links":{"self":[{"href":"https:\/\/www.actualidadadiario.com\/index.php\/wp-json\/wp\/v2\/posts\/105342"}],"collection":[{"href":"https:\/\/www.actualidadadiario.com\/index.php\/wp-json\/wp\/v2\/posts"}],"about":[{"href":"https:\/\/www.actualidadadiario.com\/index.php\/wp-json\/wp\/v2\/types\/post"}],"author":[{"embeddable":true,"href":"https:\/\/www.actualidadadiario.com\/index.php\/wp-json\/wp\/v2\/users\/3"}],"replies":[{"embeddable":true,"href":"https:\/\/www.actualidadadiario.com\/index.php\/wp-json\/wp\/v2\/comments?post=105342"}],"version-history":[{"count":1,"href":"https:\/\/www.actualidadadiario.com\/index.php\/wp-json\/wp\/v2\/posts\/105342\/revisions"}],"predecessor-version":[{"id":105344,"href":"https:\/\/www.actualidadadiario.com\/index.php\/wp-json\/wp\/v2\/posts\/105342\/revisions\/105344"}],"wp:featuredmedia":[{"embeddable":true,"href":"https:\/\/www.actualidadadiario.com\/index.php\/wp-json\/wp\/v2\/media\/105343"}],"wp:attachment":[{"href":"https:\/\/www.actualidadadiario.com\/index.php\/wp-json\/wp\/v2\/media?parent=105342"}],"wp:term":[{"taxonomy":"category","embeddable":true,"href":"https:\/\/www.actualidadadiario.com\/index.php\/wp-json\/wp\/v2\/categories?post=105342"},{"taxonomy":"post_tag","embeddable":true,"href":"https:\/\/www.actualidadadiario.com\/index.php\/wp-json\/wp\/v2\/tags?post=105342"}],"curies":[{"name":"wp","href":"https:\/\/api.w.org\/{rel}","templated":true}]}}