{"id":10534,"date":"2017-04-25T09:56:20","date_gmt":"2017-04-25T12:56:20","guid":{"rendered":"http:\/\/actualidadadiario.com\/site\/?p=10534"},"modified":"2017-04-25T09:56:20","modified_gmt":"2017-04-25T12:56:20","slug":"desde-el-palacio-del-eliseo-hollande-llamo-a-votar-por-macron","status":"publish","type":"post","link":"https:\/\/www.actualidadadiario.com\/index.php\/2017\/04\/25\/desde-el-palacio-del-eliseo-hollande-llamo-a-votar-por-macron\/","title":{"rendered":"Desde el Palacio del El\u00edseo, Hollande llam\u00f3 a votar por Macron"},"content":{"rendered":"<p><em><strong>El presidente de Francia, Fran\u00e7ois Hollande, pidi\u00f3 el voto para su exministro de Econom\u00eda Emmanuel Macron en la segunda vuelta de las presidenciales para frenar la divisi\u00f3n que a su juicio representar\u00eda la victoria de la ultraderechista Marine Le Pen<\/strong><\/em><\/p>\n<p>&nbsp;<\/p>\n<p>&nbsp;<\/p>\n<p>&nbsp;<\/p>\n<p>&nbsp;<\/p>\n<p>&#8220;Frente a los riesgos que supondr\u00eda la victoria de Le Pen no sirve callarse o refugiarse en la indiferencia. Hay que movilizarse. Votar\u00e9 por Emmanuel Macron&#8221;, asegur\u00f3 Hollande en una solemne alocuci\u00f3n televisada desde el Palacio del El\u00edseo.<\/p>\n<p>&nbsp;<\/p>\n<p>Seg\u00fan el socialista Hollande, el Frente Nacional (FN) de Le Pen supone una amenaza para la econom\u00eda y la unidad de Francia. Justific\u00f3 el rechazo al FN en &#8220;su larga historia, sus m\u00e9todos, sus v\u00ednculos con grupos extremistas en toda Europa, pero sobre todo las consecuencias que tendr\u00eda la aplicaci\u00f3n de su programa en la vida de nuestro pa\u00eds&#8221;.<\/p>\n<p>&nbsp;<\/p>\n<p>En un momento en el que su pa\u00eds soporta una elevada amenaza terrorista que &#8220;exige la solidaridad y la cohesi\u00f3n de todos&#8221;, Hollande consider\u00f3 que &#8220;la extrema derecha dividir\u00eda a Francia y estigmatizar\u00eda a parte de los ciudadanos a causa de sus or\u00edgenes o su religi\u00f3n&#8221;.<\/p>\n<p>&nbsp;<\/p>\n<p>Frente a esas amenazas, el presidente asegur\u00f3 que Macron &#8220;es la persona que defiende los valores que permitir\u00edan unir a los franceses en este periodo tan grave en Francia, Europa y el mundo&#8221;, por lo que agradeci\u00f3 a todos los responsables pol\u00edticos que han pedido ya votar por \u00e9l.<\/p>\n<p>&nbsp;<\/p>\n<p>&#8220;Lo que nos jugamos es nuestra concepci\u00f3n de Francia, la unidad de nuestra naci\u00f3n, la pertenencia en Europa y su lugar en el mundo. Todo lo que he tratado de conservar en mi mandato&#8221;, se\u00f1al\u00f3.<\/p>\n<p>&nbsp;<\/p>\n<p>Con el recuento de las elecciones presidenciales francesas pr\u00e1cticamente terminado, el candidato centrista Macron le saca m\u00e1s de dos puntos porcentuales a la ultraderechista Le Pen.<\/p>\n","protected":false},"excerpt":{"rendered":"<p>El presidente de Francia, Fran\u00e7ois Hollande, pidi\u00f3 el voto para su exministro de Econom\u00eda Emmanuel Macron en la segunda vuelta de las presidenciales para frenar la divisi\u00f3n que a su juicio representar\u00eda la victoria de la ultraderechista Marine Le Pen &nbsp; &nbsp; &nbsp; &nbsp; &#8220;Frente a los riesgos que supondr\u00eda la victoria de Le Pen no sirve callarse o refugiarse en la indiferencia. Hay que movilizarse. Votar\u00e9 por Emmanuel Macron&#8221;, asegur\u00f3 Hollande en una solemne alocuci\u00f3n televisada desde el Palacio del El\u00edseo. &nbsp; Seg\u00fan el socialista Hollande, el Frente Nacional&#8230;<\/p>\n","protected":false},"author":3,"featured_media":10535,"comment_status":"closed","ping_status":"closed","sticky":false,"template":"","format":"standard","meta":[],"categories":[4],"tags":[],"_links":{"self":[{"href":"https:\/\/www.actualidadadiario.com\/index.php\/wp-json\/wp\/v2\/posts\/10534"}],"collection":[{"href":"https:\/\/www.actualidadadiario.com\/index.php\/wp-json\/wp\/v2\/posts"}],"about":[{"href":"https:\/\/www.actualidadadiario.com\/index.php\/wp-json\/wp\/v2\/types\/post"}],"author":[{"embeddable":true,"href":"https:\/\/www.actualidadadiario.com\/index.php\/wp-json\/wp\/v2\/users\/3"}],"replies":[{"embeddable":true,"href":"https:\/\/www.actualidadadiario.com\/index.php\/wp-json\/wp\/v2\/comments?post=10534"}],"version-history":[{"count":1,"href":"https:\/\/www.actualidadadiario.com\/index.php\/wp-json\/wp\/v2\/posts\/10534\/revisions"}],"predecessor-version":[{"id":10536,"href":"https:\/\/www.actualidadadiario.com\/index.php\/wp-json\/wp\/v2\/posts\/10534\/revisions\/10536"}],"wp:featuredmedia":[{"embeddable":true,"href":"https:\/\/www.actualidadadiario.com\/index.php\/wp-json\/wp\/v2\/media\/10535"}],"wp:attachment":[{"href":"https:\/\/www.actualidadadiario.com\/index.php\/wp-json\/wp\/v2\/media?parent=10534"}],"wp:term":[{"taxonomy":"category","embeddable":true,"href":"https:\/\/www.actualidadadiario.com\/index.php\/wp-json\/wp\/v2\/categories?post=10534"},{"taxonomy":"post_tag","embeddable":true,"href":"https:\/\/www.actualidadadiario.com\/index.php\/wp-json\/wp\/v2\/tags?post=10534"}],"curies":[{"name":"wp","href":"https:\/\/api.w.org\/{rel}","templated":true}]}}