{"id":105333,"date":"2023-07-25T12:50:13","date_gmt":"2023-07-25T15:50:13","guid":{"rendered":"https:\/\/www.actualidadadiario.com\/?p=105333"},"modified":"2023-07-25T12:50:13","modified_gmt":"2023-07-25T15:50:13","slug":"gobernadores-del-pj-brindaron-su-respaldo-a-la-candidatura-de-sergio-massa","status":"publish","type":"post","link":"https:\/\/www.actualidadadiario.com\/index.php\/2023\/07\/25\/gobernadores-del-pj-brindaron-su-respaldo-a-la-candidatura-de-sergio-massa\/","title":{"rendered":"Gobernadores del PJ brindaron su respaldo a la candidatura de Sergio Massa"},"content":{"rendered":"<p style=\"text-align: center;\"><em><strong>Los gobernadores de Misiones, Tucum\u00e1n y San Juan ratificaron su apoyo a la f\u00f3rmula de Uni\u00f3n por la Patria (UxP) y celebraron las medidas anunciadas en la Exposici\u00f3n Rural<\/strong><\/em><\/p>\n<p>&nbsp;<\/p>\n<p>&nbsp;<\/p>\n<p>El ministro de Econom\u00eda y precandidato a presidente por Uni\u00f3n por la Patria (UxP) Sergio Massa anunci\u00f3, en su discurso pronunciado en la Exposici\u00f3n Rural de Palermo, que &#8220;a partir del 1\u00b0 de septiembre, ninguna econom\u00eda regional va a pagar retenciones&#8221;. Esta propuesta, sumada a la de su precandidatura, recibi\u00f3 de inmediato un fuerte respaldo de los gobernadores.<\/p>\n<p>Entre los que se manifestaron, Oscar Herrera Ahuad, gobernador de Misiones declar\u00f3 que \u201cSergio Massa siempre apoy\u00f3 la provincia de Misiones, acompa\u00f1ando y garantizando diversos proyectos encarados y plasmados a favor de la tierra colorada. Esos son motivos suficientes para brindarle apoyo como candidato\u201d. \u201cLa militancia de la Renovaci\u00f3n trabaja a favor de la candidatura presidencial de Sergio Massa.\u201d<\/p>\n<p>A su vez se\u00f1al\u00f3 que \u201chay coincidencias program\u00e1ticas en lo que hace a las acciones de gobierno y beneficiosas para las provincias. Es con quien hemos podido consensuar algunas cuestiones que hacen a las necesidades elementales que nosotros venimos reclamando desde hace a\u00f1os. Esa es la garant\u00eda de cumplimiento que podamos llegar a tener de lo que hemos planteado\u201d. Y opin\u00f3 que \u201cMassa ha tomado una decisi\u00f3n muy fuerte en lo que hace el Palacio de Hacienda en momentos muy dif\u00edciles poni\u00e9ndole el pecho a la situaci\u00f3n econ\u00f3mica de la Argentina, con muchas dificultades, pero tambi\u00e9n con mucha valent\u00eda y sabiendo el norte a d\u00f3nde tenemos que ir\u201d.<\/p>\n<p>Finalmente, sostuvo que \u201ces importante para la provincia tener un candidato con estas caracter\u00edsticas. Entendemos que este tiempo que queda, menos de un mes para las elecciones, va a ser medular, que nosotros lo podamos trabajar en el conocimiento de la gente y en el conocimiento de la agenda que llevamos adelante\u201d.<\/p>\n<p>Por su parte, Osvaldo Jaldo, Vicegobernador en ejercicio del Poder Ejecutivo de Tucum\u00e1n, sostuvo: &#8220;Rumbo a las PASO ratificamos nuestro contundente apoyo a la f\u00f3rmula de Sergio Massa y Agust\u00edn Rossi, quienes representan la \u00fanica alternativa real para que el pa\u00eds salga adelante. Vamos a seguir trabajando para consolidar el camino hacia una Argentina m\u00e1s inclusiva con progreso y desarrollo&#8221;. En cuanto al principio de acuerdo con el Fondo Monetario Internacional se\u00f1al\u00f3: \u201choy vemos que ese trabajo de Sergio Massa y su equipo econ\u00f3mico est\u00e1 dando frutos con el acuerdo que el pa\u00eds arrib\u00f3 con el FMI&#8221;.<\/p>\n<p>Por \u00faltimo, Sergio U\u00f1ac, gobernador de San Juan se mostr\u00f3 muy confiado en cuanto a los resultados electorales y sentenci\u00f3: \u201cYo creo que Massa va a ser el pr\u00f3ximo Presidente de la Naci\u00f3n.\u201d<\/p>\n","protected":false},"excerpt":{"rendered":"<p>Los gobernadores de Misiones, Tucum\u00e1n y San Juan ratificaron su apoyo a la f\u00f3rmula de Uni\u00f3n por la Patria (UxP) y celebraron las medidas anunciadas en la Exposici\u00f3n Rural &nbsp; &nbsp; El ministro de Econom\u00eda y precandidato a presidente por Uni\u00f3n por la Patria (UxP) Sergio Massa anunci\u00f3, en su discurso pronunciado en la Exposici\u00f3n Rural de Palermo, que &#8220;a partir del 1\u00b0 de septiembre, ninguna econom\u00eda regional va a pagar retenciones&#8221;. Esta propuesta, sumada a la de su precandidatura, recibi\u00f3 de inmediato un fuerte respaldo de los gobernadores. Entre&#8230;<\/p>\n","protected":false},"author":3,"featured_media":105334,"comment_status":"closed","ping_status":"closed","sticky":false,"template":"","format":"standard","meta":[],"categories":[18],"tags":[],"_links":{"self":[{"href":"https:\/\/www.actualidadadiario.com\/index.php\/wp-json\/wp\/v2\/posts\/105333"}],"collection":[{"href":"https:\/\/www.actualidadadiario.com\/index.php\/wp-json\/wp\/v2\/posts"}],"about":[{"href":"https:\/\/www.actualidadadiario.com\/index.php\/wp-json\/wp\/v2\/types\/post"}],"author":[{"embeddable":true,"href":"https:\/\/www.actualidadadiario.com\/index.php\/wp-json\/wp\/v2\/users\/3"}],"replies":[{"embeddable":true,"href":"https:\/\/www.actualidadadiario.com\/index.php\/wp-json\/wp\/v2\/comments?post=105333"}],"version-history":[{"count":1,"href":"https:\/\/www.actualidadadiario.com\/index.php\/wp-json\/wp\/v2\/posts\/105333\/revisions"}],"predecessor-version":[{"id":105335,"href":"https:\/\/www.actualidadadiario.com\/index.php\/wp-json\/wp\/v2\/posts\/105333\/revisions\/105335"}],"wp:featuredmedia":[{"embeddable":true,"href":"https:\/\/www.actualidadadiario.com\/index.php\/wp-json\/wp\/v2\/media\/105334"}],"wp:attachment":[{"href":"https:\/\/www.actualidadadiario.com\/index.php\/wp-json\/wp\/v2\/media?parent=105333"}],"wp:term":[{"taxonomy":"category","embeddable":true,"href":"https:\/\/www.actualidadadiario.com\/index.php\/wp-json\/wp\/v2\/categories?post=105333"},{"taxonomy":"post_tag","embeddable":true,"href":"https:\/\/www.actualidadadiario.com\/index.php\/wp-json\/wp\/v2\/tags?post=105333"}],"curies":[{"name":"wp","href":"https:\/\/api.w.org\/{rel}","templated":true}]}}