{"id":105331,"date":"2023-07-25T12:48:43","date_gmt":"2023-07-25T15:48:43","guid":{"rendered":"https:\/\/www.actualidadadiario.com\/?p=105331"},"modified":"2023-07-25T12:48:43","modified_gmt":"2023-07-25T15:48:43","slug":"larreta-quiere-un-bunker-unificado-el-dia-de-la-eleccion-pero-patricia-se-resiste","status":"publish","type":"post","link":"https:\/\/www.actualidadadiario.com\/index.php\/2023\/07\/25\/larreta-quiere-un-bunker-unificado-el-dia-de-la-eleccion-pero-patricia-se-resiste\/","title":{"rendered":"Larreta quiere un b\u00fanker unificado el d\u00eda de la elecci\u00f3n, pero Patricia se resiste"},"content":{"rendered":"<p style=\"text-align: center;\"><em><strong>El jefe de gobierno busca dar una imagen de unidad para las generales en la misma noche de las PASO. &#8220;Es una interna&#8221;, dicen reticentes en el sector de Bullrich<\/strong><\/em><\/p>\n<p>&nbsp;<\/p>\n<p>&nbsp;<\/p>\n<p>Horacio Rodr\u00edguez Larreta quiere compartir el b\u00fanker con Patricia Bullrich en la noche de las primarias pero su rival da se\u00f1ales de que har\u00e1 rancho aparte.<\/p>\n<p>El jefe de gobierno estar\u00e1 el 13 de agosto en el tradicional b\u00fanker del PRO, en Costa Salguero, y quiere que su rival se suba con ella al escenario sea cual sea el resultado.<\/p>\n<p>El objetivo es mostrar unidad luego de una campa\u00f1a m\u00e1s salvaje de lo que esperaban. Los votos del perdedor ser\u00e1n indispensables para las generales contra el peronismo y Javier Milei.<\/p>\n<p>Larreta busca replicar una foto como la de este domingo por la noche en C\u00f3rdoba, donde ambos candidatos fueron a acompa\u00f1ar a Rodrigo de Loredo en la derrota en la capital de esa provincia. Ignacio &#8220;Nacho&#8221; Torres, que competir\u00e1 el domingo por la gobernaci\u00f3n de Chubut, llam\u00f3 a ambos candidatos para que lo acompa\u00f1en en el escenario.<\/p>\n<p>Pero en el sector de Bullrich son reticentes a compartir una foto con el rival en la misma noche de los comicios.<\/p>\n<p>&#8220;\u00bfPor qu\u00e9 el b\u00fanker deber\u00eda ser unificado si hay una interna?&#8221;, dijeron en el entorno de Bullrich. &#8220;A la noche va a estar todo bien, pero cada uno va a tener su lugar de laburo&#8221;, explicaron.<\/p>\n<p>En el sector de la ex ministra dicen que a\u00fan no est\u00e1n enfocados en resolver esa cuesti\u00f3n log\u00edstica, si bien adelantaron que Bullrich ya alquil\u00f3 el Palacio San Miguel.<\/p>\n<p>&#8220;Alguna se\u00f1al el domingo tiene que haber, al menos una conferencia conjunta a las 19 como hicieron Santilli y Manes&#8221;, dicen en el larretismo.<\/p>\n","protected":false},"excerpt":{"rendered":"<p>El jefe de gobierno busca dar una imagen de unidad para las generales en la misma noche de las PASO. &#8220;Es una interna&#8221;, dicen reticentes en el sector de Bullrich &nbsp; &nbsp; Horacio Rodr\u00edguez Larreta quiere compartir el b\u00fanker con Patricia Bullrich en la noche de las primarias pero su rival da se\u00f1ales de que har\u00e1 rancho aparte. El jefe de gobierno estar\u00e1 el 13 de agosto en el tradicional b\u00fanker del PRO, en Costa Salguero, y quiere que su rival se suba con ella al escenario sea cual sea&#8230;<\/p>\n","protected":false},"author":3,"featured_media":104299,"comment_status":"closed","ping_status":"closed","sticky":false,"template":"","format":"standard","meta":[],"categories":[18],"tags":[],"_links":{"self":[{"href":"https:\/\/www.actualidadadiario.com\/index.php\/wp-json\/wp\/v2\/posts\/105331"}],"collection":[{"href":"https:\/\/www.actualidadadiario.com\/index.php\/wp-json\/wp\/v2\/posts"}],"about":[{"href":"https:\/\/www.actualidadadiario.com\/index.php\/wp-json\/wp\/v2\/types\/post"}],"author":[{"embeddable":true,"href":"https:\/\/www.actualidadadiario.com\/index.php\/wp-json\/wp\/v2\/users\/3"}],"replies":[{"embeddable":true,"href":"https:\/\/www.actualidadadiario.com\/index.php\/wp-json\/wp\/v2\/comments?post=105331"}],"version-history":[{"count":1,"href":"https:\/\/www.actualidadadiario.com\/index.php\/wp-json\/wp\/v2\/posts\/105331\/revisions"}],"predecessor-version":[{"id":105332,"href":"https:\/\/www.actualidadadiario.com\/index.php\/wp-json\/wp\/v2\/posts\/105331\/revisions\/105332"}],"wp:featuredmedia":[{"embeddable":true,"href":"https:\/\/www.actualidadadiario.com\/index.php\/wp-json\/wp\/v2\/media\/104299"}],"wp:attachment":[{"href":"https:\/\/www.actualidadadiario.com\/index.php\/wp-json\/wp\/v2\/media?parent=105331"}],"wp:term":[{"taxonomy":"category","embeddable":true,"href":"https:\/\/www.actualidadadiario.com\/index.php\/wp-json\/wp\/v2\/categories?post=105331"},{"taxonomy":"post_tag","embeddable":true,"href":"https:\/\/www.actualidadadiario.com\/index.php\/wp-json\/wp\/v2\/tags?post=105331"}],"curies":[{"name":"wp","href":"https:\/\/api.w.org\/{rel}","templated":true}]}}