{"id":105329,"date":"2023-07-25T12:52:30","date_gmt":"2023-07-25T15:52:30","guid":{"rendered":"https:\/\/www.actualidadadiario.com\/?p=105329"},"modified":"2023-07-25T12:56:11","modified_gmt":"2023-07-25T15:56:11","slug":"el-papa-pidio-a-los-argentinos-a-mirar-el-final-del-camino-y-no-frenarse-a-la-mitad","status":"publish","type":"post","link":"https:\/\/www.actualidadadiario.com\/index.php\/2023\/07\/25\/el-papa-pidio-a-los-argentinos-a-mirar-el-final-del-camino-y-no-frenarse-a-la-mitad\/","title":{"rendered":"El Papa pidi\u00f3 a los argentinos a &#8220;mirar el final del camino&#8221; y no &#8220;frenarse a la mitad&#8221;"},"content":{"rendered":"<p style=\"text-align: center;\"><em><strong>Francisco cuestion\u00f3 que en el pa\u00eds &#8220;cuando una cosa no funciona&#8221; enseguida se cambia. Asegur\u00f3 as\u00ed que los argentinos &#8220;tenemos un pa\u00eds muy bello&#8221;, por lo que pidi\u00f3 fuerza y progreso<\/strong><\/em><\/p>\n<p>&nbsp;<\/p>\n<p>&nbsp;<\/p>\n<p>El papa Francisco exhort\u00f3 a los argentinos a &#8220;mirar siempre el final del camino&#8221; y no &#8220;frenarse a la mitad&#8221;, durante un encuentro con j\u00f3venes de todo el mundo dado a conocer este martes por el Vaticano en un podcast del Dicasterio de la Comunicaci\u00f3n.<\/p>\n<p>&#8220;Tenemos un pa\u00eds muy bello&#8221;, destac\u00f3 el pont\u00edfice a una joven que le pregunt\u00f3 por la &#8220;lucha cotidiana para tener un pa\u00eds mejor&#8221;.<\/p>\n<p>En su contacto con la chica llamada Arianna, que particip\u00f3 del encuentro en formato radial, Francisco a\u00f1adi\u00f3: &#8220;Te cuento una historia: una vez fueron los \u00e1ngeles a encontrar a Dios y a lamentarse. Le dijeron \u00b4t\u00fa, padre eterno, sos injusto, porque a todos nosotros nos has dado una cosa de riqueza, ya sea el campo, las vacas, la miner\u00eda, o la pesca. Pero a los argentinos les has dado todo. Porque la Argentina en rica en pesca, en minerales\u00b4. Y el eterno padre dicen que respondi\u00f3: `Me di cuenta de eso y para balancear les di los argentinos\u00b4&#8221;.<\/p>\n<p>Seg\u00fan el pont\u00edfice, &#8220;el problema de la Argentina somos nosotros, que tantas veces no tenemos la fuerza para ir adelante, para ser constantes en ir adelante&#8221;. En ese sentido, lament\u00f3: &#8220;Cuando una cosa no funciona, cambiamos&#8221;. &#8220;Y a veces creemos que con tres pasos termina todo, pero falta todo un camino&#8221;, analiz\u00f3 Francisco, nacido en Buenos Aires en 1936.<\/p>\n<p>&#8220;Mir\u00e1 el \u00faltimo mundial, los partidos contra Holanda y contra Francia. Con Holanda al inicio, el primer tiempo, era 2 a 0, bell\u00edsimo. Pero \u00bfqu\u00e9 hicieron los argentinos? (Dijeron) \u00b4ya ganamos\u00b4, y al final ganaron por un penal&#8221;, rememor\u00f3 el pont\u00edfice sobre el partido del torneo de 2022. &#8220;Con Francia, (iba) 3 a 1. (Dijeron) &#8216;ya ganamos&#8217;. Pero faltaba el segundo tiempo, y al final ganaron por un penal&#8221;, record\u00f3 sobre la final de la Copa del a\u00f1o pasado. &#8220;Creemos que la cosa termina porque nos cansamos en el camino y nos frenamos a mitad. Adelante, siempre hay que mirar el final del camino&#8221;, anim\u00f3 el Papa a sus compatriotas.<\/p>\n","protected":false},"excerpt":{"rendered":"<p>Francisco cuestion\u00f3 que en el pa\u00eds &#8220;cuando una cosa no funciona&#8221; enseguida se cambia. Asegur\u00f3 as\u00ed que los argentinos &#8220;tenemos un pa\u00eds muy bello&#8221;, por lo que pidi\u00f3 fuerza y progreso &nbsp; &nbsp; El papa Francisco exhort\u00f3 a los argentinos a &#8220;mirar siempre el final del camino&#8221; y no &#8220;frenarse a la mitad&#8221;, durante un encuentro con j\u00f3venes de todo el mundo dado a conocer este martes por el Vaticano en un podcast del Dicasterio de la Comunicaci\u00f3n. &#8220;Tenemos un pa\u00eds muy bello&#8221;, destac\u00f3 el pont\u00edfice a una joven que&#8230;<\/p>\n","protected":false},"author":3,"featured_media":93533,"comment_status":"closed","ping_status":"closed","sticky":false,"template":"","format":"standard","meta":[],"categories":[18],"tags":[],"_links":{"self":[{"href":"https:\/\/www.actualidadadiario.com\/index.php\/wp-json\/wp\/v2\/posts\/105329"}],"collection":[{"href":"https:\/\/www.actualidadadiario.com\/index.php\/wp-json\/wp\/v2\/posts"}],"about":[{"href":"https:\/\/www.actualidadadiario.com\/index.php\/wp-json\/wp\/v2\/types\/post"}],"author":[{"embeddable":true,"href":"https:\/\/www.actualidadadiario.com\/index.php\/wp-json\/wp\/v2\/users\/3"}],"replies":[{"embeddable":true,"href":"https:\/\/www.actualidadadiario.com\/index.php\/wp-json\/wp\/v2\/comments?post=105329"}],"version-history":[{"count":1,"href":"https:\/\/www.actualidadadiario.com\/index.php\/wp-json\/wp\/v2\/posts\/105329\/revisions"}],"predecessor-version":[{"id":105330,"href":"https:\/\/www.actualidadadiario.com\/index.php\/wp-json\/wp\/v2\/posts\/105329\/revisions\/105330"}],"wp:featuredmedia":[{"embeddable":true,"href":"https:\/\/www.actualidadadiario.com\/index.php\/wp-json\/wp\/v2\/media\/93533"}],"wp:attachment":[{"href":"https:\/\/www.actualidadadiario.com\/index.php\/wp-json\/wp\/v2\/media?parent=105329"}],"wp:term":[{"taxonomy":"category","embeddable":true,"href":"https:\/\/www.actualidadadiario.com\/index.php\/wp-json\/wp\/v2\/categories?post=105329"},{"taxonomy":"post_tag","embeddable":true,"href":"https:\/\/www.actualidadadiario.com\/index.php\/wp-json\/wp\/v2\/tags?post=105329"}],"curies":[{"name":"wp","href":"https:\/\/api.w.org\/{rel}","templated":true}]}}